{"id":18012,"date":"2025-12-28T00:05:00","date_gmt":"2025-12-27T23:05:00","guid":{"rendered":"http:\/\/montreux-vieux.net\/?p=18012"},"modified":"2025-12-26T09:17:20","modified_gmt":"2025-12-26T08:17:20","slug":"que-sest-il-passe-a-montreux-vieux-un-28-decembre","status":"publish","type":"post","link":"https:\/\/montreux-vieux.net\/?p=18012","title":{"rendered":"Que s\u2019est-il pass\u00e9 \u00e0 Montreux-Vieux un 28 d\u00e9cembre ?"},"content":{"rendered":"\n<h2 class=\"wp-block-heading has-text-align-center\" style=\"font-size:60px\">Bagarre \u00e0 la fronti\u00e8re<\/h2>\n\n\n\n<p><strong>28 d\u00e9cembre 1911<\/strong> Bagarre \u00e0 la fronti\u00e8re  <a rel=\"noreferrer noopener\" aria-label=\" (s\u2019ouvre dans un nouvel onglet)\" href=\"http:\/\/montreux-vieux.net\/?page_id=11301\" target=\"_blank\">http:\/\/montreux-vieux.net\/?page_id=11301<\/a> <\/p>\n\n\n\n<hr class=\"wp-block-separator has-alpha-channel-opacity is-style-wide\"\/>\n\n\n\n<h2 class=\"wp-block-heading has-text-align-center\" style=\"font-size:60px\">Grand concert<\/h2>\n\n\n\n<p><strong>28 d\u00e9cembre 1929<\/strong> Montreux-Vieux &#8211; Musique municipale. Samedi 28 d\u00e9cembre \u00e0 8 h 30, salle Heinis, grand concert, bal avec le concours de la Soci\u00e9t\u00e9 de trompes de chasse de Luxeuil, accompagn\u00e9e de ses acteurs. .Apr\u00e8s le concert il y aura bal avec grand orchestre et jazz.<\/p>\n\n\n\n<p>Sources&nbsp;: Le R\u00e9publicain de Belfort 25 d\u00e9cembre 1929<\/p>\n\n\n\n<hr class=\"wp-block-separator has-alpha-channel-opacity is-style-wide\"\/>\n\n\n\n<h2 class=\"wp-block-heading has-text-align-center\" style=\"font-size:60px\">Cr\u00e9ation du Corps des sapeurs-pompiers<\/h2>\n\n\n\n<p><strong>30 avril 1930 <\/strong>Cr\u00e9ation du Corps des Sapeurs Pompiers. Capitaine T. Huggenberger <a aria-label=\" (s\u2019ouvre dans un nouvel onglet)\" href=\"http:\/\/montreux-vieux.net\/?page_id=4786\" target=\"_blank\" rel=\"noreferrer noopener\">http:\/\/montreux-vieux.net\/?page_id=4786<\/a><\/p>\n\n\n<div class=\"wp-block-image\">\n<figure class=\"aligncenter size-large is-resized\"><img loading=\"lazy\" decoding=\"async\" width=\"960\" height=\"720\" src=\"https:\/\/montreux-vieux.net\/montreux-vieux.net\/wp-content\/uploads\/2020\/12\/image.png\" alt=\"\" class=\"wp-image-22305\" style=\"width:609px;height:456px\" srcset=\"https:\/\/montreux-vieux.net\/montreux-vieux.net\/wp-content\/uploads\/2020\/12\/image.png 960w, https:\/\/montreux-vieux.net\/montreux-vieux.net\/wp-content\/uploads\/2020\/12\/image-300x225.png 300w, https:\/\/montreux-vieux.net\/montreux-vieux.net\/wp-content\/uploads\/2020\/12\/image-768x576.png 768w\" sizes=\"auto, (max-width: 960px) 100vw, 960px\" \/><\/figure>\n<\/div>\n\n\n<h2 class=\"wp-block-heading has-text-align-center\" style=\"font-size:60px\">Acquitt\u00e9<\/h2>\n\n\n\n<p><strong>28 d\u00e9cembre 1932<\/strong> Acquitt\u00e9. \u2014 Le 7 novembre, au matin, M. Ernesl Barbier, 22 ans, marchand de vins \u00e0 Montreux-Vieux, renversait sur la route de Frais \u00e0 Fontaine, un vieillard. M. Bloch, marchand de bestiaux \u00e0 Foussemagne, qui mourut quelques heures apures l\u2019accident. L\u2019affaire a eu vendredi son \u00e9pilogue devant les juges de Belfort qui, dans le doute de la responsabilit\u00e9 de M. Barbier, ont prononc\u00e9 un acquittement.<\/p>\n\n\n\n<p>Sources&nbsp;: Le R\u00e9publicain de Belfort 28 d\u00e9cembre 1932<\/p>\n\n\n\n<hr class=\"wp-block-separator has-alpha-channel-opacity is-style-wide\"\/>\n\n\n\n<h2 class=\"wp-block-heading has-text-align-center\" style=\"font-size:60px\">Un train de marchandises d\u00e9raille<\/h2>\n\n\n\n<p><strong>28 d\u00e9cembre 1936<\/strong> un train de marchandises d\u00e9raille Le chef de train est bless\u00e9. Belfort 28 d\u00e9cembre.1936   <a rel=\"noreferrer noopener\" aria-label=\" (s\u2019ouvre dans un nouvel onglet)\" href=\"http:\/\/montreux-vieux.net\/?page_id=17756\" target=\"_blank\">http:\/\/montreux-vieux.net\/?page_id=17756<\/a> <\/p>\n\n\n\n<hr class=\"wp-block-separator has-alpha-channel-opacity is-style-wide\"\/>\n\n\n\n<div class=\"wp-block-media-text alignfull has-media-on-the-right is-stacked-on-mobile is-vertically-aligned-center is-style-default\" style=\"grid-template-columns:auto 56%\"><div class=\"wp-block-media-text__content\">\n<h2 class=\"wp-block-heading has-text-color\" style=\"color:#000000\">Une pens\u00e9e pour : <\/h2>\n\n\n\n<ul class=\"wp-block-list\">\n<li>Mme Suzanne Stantina dite Fernande, d\u00e9c\u00e9d\u00e9e le 28 d\u00e9cembre 2020 <\/li>\n\n\n\n<li>Monsieur Fran\u00e7ois Calteau, \u00e9poux de Mme Nacci Claudia, d\u00e9c\u00e9d\u00e9 le 28 d\u00e9cembre 2024<\/li>\n\n\n\n<li>Monsieur Burkart Mathieu d\u00e9c\u00e9d\u00e9 le 28 d\u00e9cembre 2020<\/li>\n<\/ul>\n<\/div><figure class=\"wp-block-media-text__media\"><img loading=\"lazy\" decoding=\"async\" width=\"400\" height=\"290\" src=\"https:\/\/montreux-vieux.net\/montreux-vieux.net\/wp-content\/uploads\/2021\/01\/2536644_16f34-1.jpg\" alt=\"\" class=\"wp-image-22365 size-full\" srcset=\"https:\/\/montreux-vieux.net\/montreux-vieux.net\/wp-content\/uploads\/2021\/01\/2536644_16f34-1.jpg 400w, https:\/\/montreux-vieux.net\/montreux-vieux.net\/wp-content\/uploads\/2021\/01\/2536644_16f34-1-300x218.jpg 300w\" sizes=\"auto, (max-width: 400px) 100vw, 400px\" \/><\/figure><\/div>\n\n\n\n<p><\/p>\n","protected":false},"excerpt":{"rendered":"<p>Bagarre \u00e0 la fronti\u00e8re 28 d\u00e9cembre 1911 Bagarre \u00e0 la fronti\u00e8re http:\/\/montreux-vieux.net\/?page_id=11301 Grand concert 28 d\u00e9cembre 1929 Montreux-Vieux &#8211; Musique municipale. Samedi 28 d\u00e9cembre \u00e0 8 h 30, salle Heinis, grand concert, bal avec le concours de la Soci\u00e9t\u00e9 de &hellip; <a href=\"https:\/\/montreux-vieux.net\/?p=18012\">Continuer la lecture <span class=\"meta-nav\">&rarr;<\/span><\/a><\/p>\n","protected":false},"author":1,"featured_media":0,"comment_status":"open","ping_status":"open","sticky":false,"template":"","format":"standard","meta":{"footnotes":""},"categories":[1],"tags":[],"class_list":["post-18012","post","type-post","status-publish","format-standard","hentry","category-liens"],"_links":{"self":[{"href":"https:\/\/montreux-vieux.net\/index.php?rest_route=\/wp\/v2\/posts\/18012","targetHints":{"allow":["GET"]}}],"collection":[{"href":"https:\/\/montreux-vieux.net\/index.php?rest_route=\/wp\/v2\/posts"}],"about":[{"href":"https:\/\/montreux-vieux.net\/index.php?rest_route=\/wp\/v2\/types\/post"}],"author":[{"embeddable":true,"href":"https:\/\/montreux-vieux.net\/index.php?rest_route=\/wp\/v2\/users\/1"}],"replies":[{"embeddable":true,"href":"https:\/\/montreux-vieux.net\/index.php?rest_route=%2Fwp%2Fv2%2Fcomments&post=18012"}],"version-history":[{"count":15,"href":"https:\/\/montreux-vieux.net\/index.php?rest_route=\/wp\/v2\/posts\/18012\/revisions"}],"predecessor-version":[{"id":28514,"href":"https:\/\/montreux-vieux.net\/index.php?rest_route=\/wp\/v2\/posts\/18012\/revisions\/28514"}],"wp:attachment":[{"href":"https:\/\/montreux-vieux.net\/index.php?rest_route=%2Fwp%2Fv2%2Fmedia&parent=18012"}],"wp:term":[{"taxonomy":"category","embeddable":true,"href":"https:\/\/montreux-vieux.net\/index.php?rest_route=%2Fwp%2Fv2%2Fcategories&post=18012"},{"taxonomy":"post_tag","embeddable":true,"href":"https:\/\/montreux-vieux.net\/index.php?rest_route=%2Fwp%2Fv2%2Ftags&post=18012"}],"curies":[{"name":"wp","href":"https:\/\/api.w.org\/{rel}","templated":true}]}}