{"id":18018,"date":"2025-12-31T07:05:00","date_gmt":"2025-12-31T06:05:00","guid":{"rendered":"http:\/\/montreux-vieux.net\/?p=18018"},"modified":"2025-08-05T15:19:03","modified_gmt":"2025-08-05T14:19:03","slug":"que-sest-il-passe-a-montreux-vieux-un-31-decembre","status":"publish","type":"post","link":"https:\/\/montreux-vieux.net\/?p=18018","title":{"rendered":"Que s\u2019est-il pass\u00e9 \u00e0 Montreux-Vieux un 31 d\u00e9cembre ?"},"content":{"rendered":"\n<h2 class=\"wp-block-heading has-text-align-center\" style=\"font-size:60px\">Cessation des activit\u00e9s chez Total<\/h2>\n\n\n\n<p><strong>31 d\u00e9cembre 1985<\/strong> De 1970 \u00e0 1985, le d\u00e9p\u00f4t Total de Montreux-Vieux \u00e9tait l\u2019un des plus importants de la r\u00e9gion. Au 31 d\u00e9cembre 1985, les installations ont cess\u00e9 leurs activit\u00e9s. <\/p>\n\n\n\n<hr class=\"wp-block-separator has-alpha-channel-opacity is-style-wide\"\/>\n\n\n\n<h2 class=\"wp-block-heading has-text-align-center\" style=\"font-size:60px\">Des voyageurs gel\u00e9s<\/h2>\n\n\n\n<p><strong>31 d\u00e9cembre 1894<\/strong> Des voyageurs gel\u00e9s, sans h\u00f4tel, des heures enti\u00e8res \u00e0 Montreux-Vieux <a rel=\"noreferrer noopener\" href=\"https:\/\/montreux-vieux.net\/?page_id=11719\" target=\"_blank\">https:\/\/montreux-vieux.net\/?page_id=11719<\/a><\/p>\n\n\n\n<hr class=\"wp-block-separator has-alpha-channel-opacity is-style-wide\"\/>\n\n\n\n<h2 class=\"wp-block-heading has-text-align-center\" style=\"font-size:60px\">L&rsquo;Affaire du Dr Wiegand<\/h2>\n\n\n\n<p><strong>31 d\u00e9cembre 1907<\/strong> MONTREUX-VIEUX, 30 d\u00e9c. \u2014 La police fran\u00e7aise a remis hier entre les mains de la gendarmerie allemande \u00e0 Montreux-Vieux le docteur Wi\u00e9gand, ce m\u00e9decin de Strasbourg qui condamn\u00e9 \u00e0 3 mois de prison pour escroqueries, s\u2019est r\u00e9fugi\u00e9 en France o\u00f9 il a \u00e9t\u00e9 compromis dans une affaire d&rsquo;espionnage et condamn\u00e9 \u00e0 16 mois de prison. Ayant subi sa peine, le Dr Wiegand a \u00e9t\u00e9 expuls\u00e9 de France et livr\u00e9 a justice allemande<\/p>\n\n\n\n<p>Sources&nbsp;: Express 31 d\u00e9cembre 1907<\/p>\n\n\n\n<hr class=\"wp-block-separator has-alpha-channel-opacity is-style-wide\"\/>\n\n\n\n<h2 class=\"wp-block-heading has-text-align-center\" style=\"font-size:60px\">Accident de train <\/h2>\n\n\n\n<p><strong>31 d\u00e9cembre 1908<\/strong> La nuit derni\u00e8re, \u00e0 Romilly vers quatre heures quarante du matin, le rapide 40 58 venant de Montreux-Vieux a pris en \u00e9charpe le train de marchandises 112 qui manquerait dans un croisement. Le choc fut violent, la machine du rapide eut son avant bris\u00e9. Un wagon de bois en grumes, sur lequel le choc s\u2019est produit, fut enti\u00e8rement renvers\u00e9 et bris\u00e9.<\/p>\n\n\n\n<p>Cinq autres wagons contenant de la farine, des moutons, des chevaux ont \u00e9t\u00e9 r\u00e9duits en morceaux. Plusieurs voitures sont enchev\u00eatr\u00e9es les unes dans les autres. Une vingtaine de moutons ont \u00e9t\u00e9 tu\u00e9s ou bless\u00e9s. Un wagon contenant quatre chevaux a \u00e9t\u00e9 coup\u00e9 en deux, les quatre b\u00eates ont \u00e9t\u00e9 rejet\u00e9es les unes sur les autres par le wagon suivant, Un cheval a pu \u00eatre retir\u00e9 sain et sauf par les soins de MM. Berton et Lambert, buvetier, deux autres sont bless\u00e9s, le quatri\u00e8me est mort. Les sacs de farine \u00e9ventr\u00e9s jonchent les voies recouvertes de neige<\/p>\n\n\n\n<p>Heureusement, il n\u2019y a aucun accident de personne \u00e0 d\u00e9plorer. Une \u00e9quipe de secours a \u00e9t\u00e9 mand\u00e9e imm\u00e9diatement parmi le personnel des ateliers de l\u2019Est pour le d\u00e9blaiement de la voie.<\/p>\n\n\n\n<p>Sources&nbsp;: La Tribune de l\u2019Aube 31 d\u00e9cembre 1908<\/p>\n\n\n\n<hr class=\"wp-block-separator has-alpha-channel-opacity\"\/>\n\n\n\n<h2 class=\"wp-block-heading has-text-align-center\" style=\"font-size:60px\">Distribution \u00e0 la salle P.Munch<\/h2>\n\n\n\n<p><strong>31 d\u00e9cembre 1914<\/strong>  Distribution \u00e0 la salle P.Munch, sous la pr\u00e9sidence du colonel, de belles \u00e9trennes envoy\u00e9es par Madame Poincar\u00e9. <a href=\"http:\/\/montreux-vieux.net\/?page_id=17739\" target=\"_blank\" rel=\"noreferrer noopener\" aria-label=\" (s\u2019ouvre dans un nouvel onglet)\">http:\/\/montreux-vieux.net\/?page_id=17739<\/a> <\/p>\n","protected":false},"excerpt":{"rendered":"<p>Cessation des activit\u00e9s chez Total 31 d\u00e9cembre 1985 De 1970 \u00e0 1985, le d\u00e9p\u00f4t Total de Montreux-Vieux \u00e9tait l\u2019un des plus importants de la r\u00e9gion. Au 31 d\u00e9cembre 1985, les installations ont cess\u00e9 leurs activit\u00e9s. Des voyageurs gel\u00e9s 31 d\u00e9cembre &hellip; <a href=\"https:\/\/montreux-vieux.net\/?p=18018\">Continuer la lecture <span class=\"meta-nav\">&rarr;<\/span><\/a><\/p>\n","protected":false},"author":1,"featured_media":0,"comment_status":"open","ping_status":"open","sticky":false,"template":"","format":"standard","meta":{"footnotes":""},"categories":[1],"tags":[],"class_list":["post-18018","post","type-post","status-publish","format-standard","hentry","category-liens"],"_links":{"self":[{"href":"https:\/\/montreux-vieux.net\/index.php?rest_route=\/wp\/v2\/posts\/18018","targetHints":{"allow":["GET"]}}],"collection":[{"href":"https:\/\/montreux-vieux.net\/index.php?rest_route=\/wp\/v2\/posts"}],"about":[{"href":"https:\/\/montreux-vieux.net\/index.php?rest_route=\/wp\/v2\/types\/post"}],"author":[{"embeddable":true,"href":"https:\/\/montreux-vieux.net\/index.php?rest_route=\/wp\/v2\/users\/1"}],"replies":[{"embeddable":true,"href":"https:\/\/montreux-vieux.net\/index.php?rest_route=%2Fwp%2Fv2%2Fcomments&post=18018"}],"version-history":[{"count":9,"href":"https:\/\/montreux-vieux.net\/index.php?rest_route=\/wp\/v2\/posts\/18018\/revisions"}],"predecessor-version":[{"id":26257,"href":"https:\/\/montreux-vieux.net\/index.php?rest_route=\/wp\/v2\/posts\/18018\/revisions\/26257"}],"wp:attachment":[{"href":"https:\/\/montreux-vieux.net\/index.php?rest_route=%2Fwp%2Fv2%2Fmedia&parent=18018"}],"wp:term":[{"taxonomy":"category","embeddable":true,"href":"https:\/\/montreux-vieux.net\/index.php?rest_route=%2Fwp%2Fv2%2Fcategories&post=18018"},{"taxonomy":"post_tag","embeddable":true,"href":"https:\/\/montreux-vieux.net\/index.php?rest_route=%2Fwp%2Fv2%2Ftags&post=18018"}],"curies":[{"name":"wp","href":"https:\/\/api.w.org\/{rel}","templated":true}]}}