{"id":18204,"date":"2025-11-24T15:28:00","date_gmt":"2025-11-24T14:28:00","guid":{"rendered":"http:\/\/montreux-vieux.net\/?p=18204"},"modified":"2025-08-03T14:56:22","modified_gmt":"2025-08-03T13:56:22","slug":"les-traditions-dans-le-sundgau","status":"publish","type":"post","link":"https:\/\/montreux-vieux.net\/?p=18204","title":{"rendered":"Les traditions dans le Sundgau"},"content":{"rendered":"\n<h2 class=\"wp-block-heading has-text-align-center\" style=\"font-size:60px\">Les traditions dans la Sundgau le 2 d\u00e9cembre Sainte Viviane<\/h2>\n\n\n<div class=\"wp-block-image\">\n<figure class=\"aligncenter\"><img loading=\"lazy\" decoding=\"async\" width=\"253\" height=\"205\" src=\"http:\/\/montreux-vieux.net\/montreux-vieux.net\/wp-content\/uploads\/2019\/11\/image.png\" alt=\"\" class=\"wp-image-18205\"\/><\/figure>\n<\/div>\n\n\n<p>P\u00e9riode de l\u2019Avent, c\u2019est-\u00e0-dire l\u2019attente du peuple des fid\u00e8les \u00e0 la venue du Christ et p\u00e9riode o\u00f9 les jours continuent \u00e0 diminuer. Le temps de l\u2019Avent comprend 4 dimanches mat\u00e9rialis\u00e9s par les 4 bougies de la couronne de l\u2019Avent qui, venues d\u2019Allemagne luth\u00e9rienne, sont apparues en Alsace dans les ann\u00e9es trente. Le 1er dimanche, on allume une des 4 bougies, le 2\u00e8me deux, le 3\u00e8me trois et le 4\u00e8me, les quatre br\u00fblent. Cette coutume de la couronne de l\u2019Avent ne s\u2019est r\u00e9pandue dans la r\u00e9gion que depuis quelques dizaines d\u2019ann\u00e9es.<br>Le 2 d\u00e9cembre est aussi le jour o\u00f9 les enfants commencent \u00e0 ouvrir les volets du calendrier de l\u2019Avent (en forme de petite maison avec 24 fen\u00eatres) et o\u00f9 les cuisini\u00e8res se lancent dans la confection des br\u00e9dalas (petits g\u00e2teaux de No\u00ebl). En effet, il n\u2019y a pas une f\u00eate sans abondance, surtout dans une soci\u00e9t\u00e9 o\u00f9 l\u2019on ne mangeait pas toujours \u00e0 sa faim. (Nicole Munch)<\/p>\n","protected":false},"excerpt":{"rendered":"<p>Les traditions dans la Sundgau le 2 d\u00e9cembre Sainte Viviane P\u00e9riode de l\u2019Avent, c\u2019est-\u00e0-dire l\u2019attente du peuple des fid\u00e8les \u00e0 la venue du Christ et p\u00e9riode o\u00f9 les jours continuent \u00e0 diminuer. Le temps de l\u2019Avent comprend 4 dimanches mat\u00e9rialis\u00e9s &hellip; <a href=\"https:\/\/montreux-vieux.net\/?p=18204\">Continuer la lecture <span class=\"meta-nav\">&rarr;<\/span><\/a><\/p>\n","protected":false},"author":1,"featured_media":0,"comment_status":"open","ping_status":"open","sticky":false,"template":"","format":"standard","meta":{"footnotes":""},"categories":[1],"tags":[],"class_list":["post-18204","post","type-post","status-publish","format-standard","hentry","category-liens"],"_links":{"self":[{"href":"https:\/\/montreux-vieux.net\/index.php?rest_route=\/wp\/v2\/posts\/18204","targetHints":{"allow":["GET"]}}],"collection":[{"href":"https:\/\/montreux-vieux.net\/index.php?rest_route=\/wp\/v2\/posts"}],"about":[{"href":"https:\/\/montreux-vieux.net\/index.php?rest_route=\/wp\/v2\/types\/post"}],"author":[{"embeddable":true,"href":"https:\/\/montreux-vieux.net\/index.php?rest_route=\/wp\/v2\/users\/1"}],"replies":[{"embeddable":true,"href":"https:\/\/montreux-vieux.net\/index.php?rest_route=%2Fwp%2Fv2%2Fcomments&post=18204"}],"version-history":[{"count":4,"href":"https:\/\/montreux-vieux.net\/index.php?rest_route=\/wp\/v2\/posts\/18204\/revisions"}],"predecessor-version":[{"id":26209,"href":"https:\/\/montreux-vieux.net\/index.php?rest_route=\/wp\/v2\/posts\/18204\/revisions\/26209"}],"wp:attachment":[{"href":"https:\/\/montreux-vieux.net\/index.php?rest_route=%2Fwp%2Fv2%2Fmedia&parent=18204"}],"wp:term":[{"taxonomy":"category","embeddable":true,"href":"https:\/\/montreux-vieux.net\/index.php?rest_route=%2Fwp%2Fv2%2Fcategories&post=18204"},{"taxonomy":"post_tag","embeddable":true,"href":"https:\/\/montreux-vieux.net\/index.php?rest_route=%2Fwp%2Fv2%2Ftags&post=18204"}],"curies":[{"name":"wp","href":"https:\/\/api.w.org\/{rel}","templated":true}]}}