{"id":18298,"date":"2025-12-20T11:05:00","date_gmt":"2025-12-20T10:05:00","guid":{"rendered":"http:\/\/montreux-vieux.net\/?p=18298"},"modified":"2025-08-05T14:59:17","modified_gmt":"2025-08-05T13:59:17","slug":"noel-a-montreux-vieux-apres-la-reconquete-du-7-aout-1914","status":"publish","type":"post","link":"https:\/\/montreux-vieux.net\/?p=18298","title":{"rendered":"No\u00ebl \u00e0 Montreux-Vieux apr\u00e8s la reconqu\u00eate du 7 ao\u00fbt 1914"},"content":{"rendered":"\n<h2 class=\"wp-block-heading has-text-align-center\" style=\"font-size:60px\">No\u00ebl \u00e0 Montreux-Vieux apr\u00e8s la reconqu\u00eate du 7 ao\u00fbt 1914<\/h2>\n\n\n\n<p>Le 31 d\u00e9cembre 1914 apr\u00e8s la reconqu\u00eate du 7 ao\u00fbt 1914   une distribution d\u2019\u00e9trennes envoy\u00e9es par Madame Poincar\u00e9 \u00e9pouse du Pr\u00e9sident de la R\u00e9publique \u00e0 eu lieu \u00e0 Montreux-Vieux \u00e0 la salle P. Munch. &nbsp;No\u00ebl fut fort triste. Le canon gronde de Thann \u00e0 Pfetterhouse. Le soir l&rsquo;ambulance re\u00e7oit l&rsquo;ordre de partir. On raconte que le \u00ab\u00a0Kneipanstald\u00a0\u00bb de Carspach est en feu.<\/p>\n\n\n\n<p>Le 05 janvier 1915 Nouvelle distribution d\u2019\u00e9trennes, plus importante que la &nbsp;premi\u00e8re envoy\u00e9es par Mme Poincar\u00e9, la Ville de Paris et les grands journaux parisiens.<\/p>\n\n\n\n<p> Le 13-01-1915<br>Les membres du Conseil Municipal de la commune de Montreux-Vieux (Alsace), r\u00e9unis en s\u00e9ance extraordinaire, sous la pr\u00e9sidence de leur adjoint, adressent leurs remerciements \u00e0 leurs coll\u00e8gues du conseil municipal de Paris, en particulier \u00e0 M. Mithouard, pour les beaux jouets distribu\u00e9s aux enfants des \u00e9coles fran\u00e7aises de Montreux-Vieux, au cours de la f\u00eate scolaire du 5 janvier 1915<br>Sign\u00e9&nbsp;: l\u2019adjoint Gautherat <\/p>\n\n\n\n<p>25 d\u00e9cembre 1916. Une belle f\u00eate de No\u00ebl \u00e0 la salle des f\u00eates Munch a \u00e9t\u00e9 organis\u00e9e dont voici le  programme  <\/p>\n\n\n<div class=\"wp-block-image\">\n<figure class=\"aligncenter size-large\"><img loading=\"lazy\" decoding=\"async\" width=\"925\" height=\"608\" src=\"http:\/\/montreux-vieux.net\/montreux-vieux.net\/wp-content\/uploads\/2019\/12\/zzzzScreenShot1315_InPixio.jpg\" alt=\"\" class=\"wp-image-18301\" srcset=\"https:\/\/montreux-vieux.net\/montreux-vieux.net\/wp-content\/uploads\/2019\/12\/zzzzScreenShot1315_InPixio.jpg 925w, https:\/\/montreux-vieux.net\/montreux-vieux.net\/wp-content\/uploads\/2019\/12\/zzzzScreenShot1315_InPixio-300x197.jpg 300w, https:\/\/montreux-vieux.net\/montreux-vieux.net\/wp-content\/uploads\/2019\/12\/zzzzScreenShot1315_InPixio-768x505.jpg 768w, https:\/\/montreux-vieux.net\/montreux-vieux.net\/wp-content\/uploads\/2019\/12\/zzzzScreenShot1315_InPixio-600x394.jpg 600w\" sizes=\"auto, (max-width: 925px) 100vw, 925px\" \/><\/figure>\n<\/div>\n\n\n<p><\/p>\n","protected":false},"excerpt":{"rendered":"<p>No\u00ebl \u00e0 Montreux-Vieux apr\u00e8s la reconqu\u00eate du 7 ao\u00fbt 1914 Le 31 d\u00e9cembre 1914 apr\u00e8s la reconqu\u00eate du 7 ao\u00fbt 1914 une distribution d\u2019\u00e9trennes envoy\u00e9es par Madame Poincar\u00e9 \u00e9pouse du Pr\u00e9sident de la R\u00e9publique \u00e0 eu lieu \u00e0 Montreux-Vieux \u00e0 &hellip; <a href=\"https:\/\/montreux-vieux.net\/?p=18298\">Continuer la lecture <span class=\"meta-nav\">&rarr;<\/span><\/a><\/p>\n","protected":false},"author":1,"featured_media":0,"comment_status":"open","ping_status":"open","sticky":false,"template":"","format":"standard","meta":{"footnotes":""},"categories":[1],"tags":[],"class_list":["post-18298","post","type-post","status-publish","format-standard","hentry","category-liens"],"_links":{"self":[{"href":"https:\/\/montreux-vieux.net\/index.php?rest_route=\/wp\/v2\/posts\/18298","targetHints":{"allow":["GET"]}}],"collection":[{"href":"https:\/\/montreux-vieux.net\/index.php?rest_route=\/wp\/v2\/posts"}],"about":[{"href":"https:\/\/montreux-vieux.net\/index.php?rest_route=\/wp\/v2\/types\/post"}],"author":[{"embeddable":true,"href":"https:\/\/montreux-vieux.net\/index.php?rest_route=\/wp\/v2\/users\/1"}],"replies":[{"embeddable":true,"href":"https:\/\/montreux-vieux.net\/index.php?rest_route=%2Fwp%2Fv2%2Fcomments&post=18298"}],"version-history":[{"count":8,"href":"https:\/\/montreux-vieux.net\/index.php?rest_route=\/wp\/v2\/posts\/18298\/revisions"}],"predecessor-version":[{"id":26243,"href":"https:\/\/montreux-vieux.net\/index.php?rest_route=\/wp\/v2\/posts\/18298\/revisions\/26243"}],"wp:attachment":[{"href":"https:\/\/montreux-vieux.net\/index.php?rest_route=%2Fwp%2Fv2%2Fmedia&parent=18298"}],"wp:term":[{"taxonomy":"category","embeddable":true,"href":"https:\/\/montreux-vieux.net\/index.php?rest_route=%2Fwp%2Fv2%2Fcategories&post=18298"},{"taxonomy":"post_tag","embeddable":true,"href":"https:\/\/montreux-vieux.net\/index.php?rest_route=%2Fwp%2Fv2%2Ftags&post=18298"}],"curies":[{"name":"wp","href":"https:\/\/api.w.org\/{rel}","templated":true}]}}