{"id":18307,"date":"2025-12-19T00:09:00","date_gmt":"2025-12-18T23:09:00","guid":{"rendered":"http:\/\/montreux-vieux.net\/?p=18307"},"modified":"2025-08-05T14:57:17","modified_gmt":"2025-08-05T13:57:17","slug":"un-montreusien-mort-dans-le-sous-marin-le-protee-2-le-19-decembre-1943","status":"publish","type":"post","link":"https:\/\/montreux-vieux.net\/?p=18307","title":{"rendered":"Un montreusien mort dans le sous marin, \u00ab\u00a0Le Prot\u00e9e 2\u00a0\u00bb, le 19 d\u00e9cembre 1943"},"content":{"rendered":"\n<h3 class=\"wp-block-heading\">Un montreusien mort dans le sous marin, Le Prot\u00e9e 2, le 19 d\u00e9cembre 1943<\/h3>\n\n\n\n<p class=\"has-text-align-center\"> <strong><em>(article d\u00e9j\u00e0 publi\u00e9 le 20 f\u00e9vrier 2015)<\/em><\/strong> <\/p>\n\n\n<div class=\"wp-block-image\">\n<figure class=\"aligncenter\"><a href=\"http:\/\/montreux-vieux.net\/montreux-vieux.net\/wp-content\/uploads\/2015\/02\/Une-famille-d%C3%A9chir%C3%A9e.jpg\"><img decoding=\"async\" src=\"http:\/\/montreux-vieux.net\/montreux-vieux.net\/wp-content\/uploads\/2015\/02\/Une-famille-d%C3%A9chir%C3%A9e.jpg\" alt=\"\" class=\"wp-image-9891\"\/><\/a><figcaption class=\"wp-element-caption\">Au dessus \u00e0 gauche Seiler Charles m\u00e9canicien \u00e0 bord du sous-marin Le Prot\u00e9e 2sous sa photo. Au dessus \u00e0 droite le Prot\u00e9e 2 photographi\u00e9 r\u00e9cemment et en dessous la photo de communion avec \u00e0 gauche Ren\u00e9 Seiler et \u00e0 sa droite son fr\u00e8re Charles Seiler<\/figcaption><\/figure>\n<\/div>\n\n\n<p>Bien triste histoire durant la guerre 1939\/1945, Auguste Seiler \u00e9tait alors &nbsp;maire de Montreux-Vieux puis r\u00e9\u00e9lu de 1945 \u00e0 1971. Il avait deux fils Ren\u00e9 et Charles. L\u2019un a servi sous l\u2019uniforme fran\u00e7ais et le second oblig\u00e9 de porter celui des &nbsp;allemands. Auguste Seiler, tailleur de m\u00e9tier a \u00e9t\u00e9 contraint par les allemands d\u2019 \u00e9crire \u00e0 son fils Charles alors m\u00e9canicien \u00e0 bord du sous-marin Le Prot\u00e9e 2 afin qu\u2019il rentre et qu\u2019il porte \u00e9galement l\u2019uniforme allemand sous peine de faire interner la famille enti\u00e8re dans un camp de travail. Charles a r\u00e9pondu \u00e0 son p\u00e8re qu\u2019il \u00e9tait fran\u00e7ais et qu\u2019il ne voulait pas renier sa patrie.<\/p>\n\n\n<div class=\"wp-block-image\">\n<figure class=\"aligncenter\"><a href=\"http:\/\/montreux-vieux.net\/montreux-vieux.net\/wp-content\/uploads\/2015\/02\/ScreenShot350.jpg\"><img loading=\"lazy\" decoding=\"async\" width=\"433\" height=\"260\" src=\"http:\/\/montreux-vieux.net\/montreux-vieux.net\/wp-content\/uploads\/2015\/02\/ScreenShot350.jpg\" alt=\"le sous marin Le Prot\u00e9e 2\" class=\"wp-image-5013\" srcset=\"https:\/\/montreux-vieux.net\/montreux-vieux.net\/wp-content\/uploads\/2015\/02\/ScreenShot350.jpg 433w, https:\/\/montreux-vieux.net\/montreux-vieux.net\/wp-content\/uploads\/2015\/02\/ScreenShot350-300x180.jpg 300w\" sizes=\"auto, (max-width: 433px) 100vw, 433px\" \/><\/a><figcaption class=\"wp-element-caption\">Le sous marin Le Prot\u00e9e 2 coul\u00e9 par les Allemands le 19 d\u00e9cembre 1943 au large de la Ciotat.<\/figcaption><\/figure>\n<\/div>\n\n\n<p>C\u2019est avec son v\u00e9lo que Monsieur Seiler Auguste a pu envoyer et recevoir le courrier de son fils \u00e0 partir d\u2019un caf\u00e9 de Montreux-Ch\u00e2teau. Il se d\u00e9pla\u00e7ait vers la France le soir apr\u00e8s minuit avec la peur de se faire voir par les Allemands. C\u2019est grace \u00e0 sa fonction de maire et qu\u2019un fils \u00e9tait soldat dans l\u2019arm\u00e9e allemande qu\u2019il n\u2019a pas \u00e9t\u00e9 intern\u00e9 dans un camp.<\/p>\n\n\n\n<p>A la fin de la guerre Ren\u00e9 alors soldat portant l\u2019uniforme &nbsp;allemand est rentr\u00e9 mais le 19 d\u00e9cembre 1943 au large de Marseille Le Prot\u00e9e 2 fut coul\u00e9 par un canon allemand lorsqu\u2019il a fait surface.&nbsp;Seiler Charles repose dans l\u2019\u00e9pave \u00e0 125m avec 73 autres marins &nbsp;sur le plateau des Blauqui\u00e8res pr\u00e8s de la fosse de Cassidaigue \u00e0 20 milles de Marseille. Le b\u00e2timent est \u00e0 plat l\u00e9g\u00e8rement inclin\u00e9, il a \u00e9t\u00e9 retrouv\u00e9 et photographi\u00e9 il y a quelques temps. Sur la c\u00f4te un monument a \u00e9t\u00e9 \u00e9rig\u00e9 portant le noms des disparus, une c\u00e9r\u00e9monie est c\u00e9l\u00e9br\u00e9e chaque ann\u00e9e avec les familles.<\/p>\n\n\n\n<p>C\u2019est une bien triste histoire d\u2019une famille d\u00e9chir\u00e9e mais certainement pas la seule en Alsace-Moselle<\/p>\n","protected":false},"excerpt":{"rendered":"<p>Un montreusien mort dans le sous marin, Le Prot\u00e9e 2, le 19 d\u00e9cembre 1943 (article d\u00e9j\u00e0 publi\u00e9 le 20 f\u00e9vrier 2015) Bien triste histoire durant la guerre 1939\/1945, Auguste Seiler \u00e9tait alors &nbsp;maire de Montreux-Vieux puis r\u00e9\u00e9lu de 1945 \u00e0 &hellip; <a href=\"https:\/\/montreux-vieux.net\/?p=18307\">Continuer la lecture <span class=\"meta-nav\">&rarr;<\/span><\/a><\/p>\n","protected":false},"author":1,"featured_media":0,"comment_status":"open","ping_status":"open","sticky":false,"template":"","format":"standard","meta":{"footnotes":""},"categories":[1],"tags":[],"class_list":["post-18307","post","type-post","status-publish","format-standard","hentry","category-liens"],"_links":{"self":[{"href":"https:\/\/montreux-vieux.net\/index.php?rest_route=\/wp\/v2\/posts\/18307","targetHints":{"allow":["GET"]}}],"collection":[{"href":"https:\/\/montreux-vieux.net\/index.php?rest_route=\/wp\/v2\/posts"}],"about":[{"href":"https:\/\/montreux-vieux.net\/index.php?rest_route=\/wp\/v2\/types\/post"}],"author":[{"embeddable":true,"href":"https:\/\/montreux-vieux.net\/index.php?rest_route=\/wp\/v2\/users\/1"}],"replies":[{"embeddable":true,"href":"https:\/\/montreux-vieux.net\/index.php?rest_route=%2Fwp%2Fv2%2Fcomments&post=18307"}],"version-history":[{"count":6,"href":"https:\/\/montreux-vieux.net\/index.php?rest_route=\/wp\/v2\/posts\/18307\/revisions"}],"predecessor-version":[{"id":26703,"href":"https:\/\/montreux-vieux.net\/index.php?rest_route=\/wp\/v2\/posts\/18307\/revisions\/26703"}],"wp:attachment":[{"href":"https:\/\/montreux-vieux.net\/index.php?rest_route=%2Fwp%2Fv2%2Fmedia&parent=18307"}],"wp:term":[{"taxonomy":"category","embeddable":true,"href":"https:\/\/montreux-vieux.net\/index.php?rest_route=%2Fwp%2Fv2%2Fcategories&post=18307"},{"taxonomy":"post_tag","embeddable":true,"href":"https:\/\/montreux-vieux.net\/index.php?rest_route=%2Fwp%2Fv2%2Ftags&post=18307"}],"curies":[{"name":"wp","href":"https:\/\/api.w.org\/{rel}","templated":true}]}}