{"id":18319,"date":"2025-12-19T00:05:00","date_gmt":"2025-12-18T23:05:00","guid":{"rendered":"http:\/\/montreux-vieux.net\/?p=18319"},"modified":"2025-08-05T14:56:31","modified_gmt":"2025-08-05T13:56:31","slug":"il-y-a-75-ans-la-plus-belle-messe-de-minuit-a-montreux-vieux","status":"publish","type":"post","link":"https:\/\/montreux-vieux.net\/?p=18319","title":{"rendered":"Il y a 80 ans la plus belle messe de minuit \u00e0 Montreux-Vieux"},"content":{"rendered":"\n<h3 class=\"wp-block-heading has-text-align-center\">Il y a 80 ans la plus belle messe de minuit \u00e0 Montreux-Vieux<\/h3>\n\n\n<div class=\"wp-block-image\">\n<figure class=\"aligncenter size-large\"><img loading=\"lazy\" decoding=\"async\" width=\"859\" height=\"462\" src=\"http:\/\/montreux-vieux.net\/montreux-vieux.net\/wp-content\/uploads\/2019\/12\/Screen-Shot-12-19-19-at-11.54-AM.png\" alt=\"\" class=\"wp-image-18320\" srcset=\"https:\/\/montreux-vieux.net\/montreux-vieux.net\/wp-content\/uploads\/2019\/12\/Screen-Shot-12-19-19-at-11.54-AM.png 859w, https:\/\/montreux-vieux.net\/montreux-vieux.net\/wp-content\/uploads\/2019\/12\/Screen-Shot-12-19-19-at-11.54-AM-300x161.png 300w, https:\/\/montreux-vieux.net\/montreux-vieux.net\/wp-content\/uploads\/2019\/12\/Screen-Shot-12-19-19-at-11.54-AM-768x413.png 768w, https:\/\/montreux-vieux.net\/montreux-vieux.net\/wp-content\/uploads\/2019\/12\/Screen-Shot-12-19-19-at-11.54-AM-600x323.png 600w\" sizes=\"auto, (max-width: 859px) 100vw, 859px\" \/><\/figure>\n<\/div>\n\n\n<p>Dans un article du 15 d\u00e9cembre 1999,   Ren\u00e9 Pierre raconte l\u2019histoire de la lib\u00e9ration de Montreux-Vieux du 27 et 28 novembre 1944 par des lib\u00e9rateurs fran\u00e7ais. Il raconte notamment que le 30 novembre des mines pos\u00e9es en traitrise par les derniers occupants faisaient quatre bless\u00e9s graves dont des jeunes d\u2019une vingtaine d\u2019ann\u00e9es Andr\u00e9 Bloch, Lucien De Vittori, un autre qui lui \u00e9tait cheminot. S\u2019\u00e9tant port\u00e9s volontaires pour aller en for\u00eat couper des troncs d\u2019arbres destin\u00e9s \u00e0 tenir lieu de pont provisoire sur la Saint Nicolas, vers Montreux-Ch\u00e2teau tous trois longeaient la voie ferr\u00e9e lorsque l\u2019un d\u2019entre eux a march\u00e9 sur une mine antipersonnel qui a explos\u00e9. Lucien De Vittori a eu le corps cribl\u00e9 d\u2019\u00e9clats mais est parvenu n\u00e9anmoins \u00e0 en alerter les secours alors qu\u2019Andr\u00e9 Bloch et son compagnon avaient chacun un pied arrach\u00e9. Th\u00e9ophile Huggenberger chef des pompiers de l\u2019\u00e9poque en voulant, au p\u00e9ril de sa vie leur porter secours, sauta \u00e9galement sur une mine et a du par la suite \u00eatre amput\u00e9 d\u2019une jambe. <\/p>\n\n\n\n<p>Les Allemands avaient d\u00e9truits par explosifs\ntoutes les infrastructures, ponts, routes, installations ferroviaires etc\u2026 Une\nadministration provisoire a \u00e9t\u00e9 mis en place avec le r\u00e9tablissement du maire\nCatt\u00e9 C\u00e9lestin. Les groupes locaux de FFIA command\u00e9s \u00e0 Montreux-Vieux par\nLucien Charbonnier collaboraient pour assurer l\u2019ordre, et assurer diverses\nt\u00e2ches Les objectifs prioritaires \u00e9taient nombreux, pourvoir \u00e0 la survie des\nfamilles les plus d\u00e9munies, mises hors d\u2019eau des immeubles touch\u00e9s par les\nbombardements. Plus de courrier, plus de t\u00e9l\u00e9phone et surtout plus d\u2019\u00e9lectricit\u00e9.\nIl fallait s\u2019\u00e9clairer \u00e0 la lampe de p\u00e9trole ou des cierges d\u2019\u00e9glise. Le\nchauffage \u00e9tait au bois il y en avait suffisamment. <\/p>\n\n\n\n<p>Il dit pour conclure que malgr\u00e9 toutes les\ndifficult\u00e9s connues \u00e0 l\u2019\u00e9poque la messe de minuit du 24 d\u00e9cembre 1944 fut\npeut-\u00eatre la plus belle messe de minuit de tous les temps.<\/p>\n","protected":false},"excerpt":{"rendered":"<p>Il y a 80 ans la plus belle messe de minuit \u00e0 Montreux-Vieux Dans un article du 15 d\u00e9cembre 1999, Ren\u00e9 Pierre raconte l\u2019histoire de la lib\u00e9ration de Montreux-Vieux du 27 et 28 novembre 1944 par des lib\u00e9rateurs fran\u00e7ais. Il &hellip; <a href=\"https:\/\/montreux-vieux.net\/?p=18319\">Continuer la lecture <span class=\"meta-nav\">&rarr;<\/span><\/a><\/p>\n","protected":false},"author":1,"featured_media":0,"comment_status":"open","ping_status":"open","sticky":false,"template":"","format":"standard","meta":{"footnotes":""},"categories":[1],"tags":[],"class_list":["post-18319","post","type-post","status-publish","format-standard","hentry","category-liens"],"_links":{"self":[{"href":"https:\/\/montreux-vieux.net\/index.php?rest_route=\/wp\/v2\/posts\/18319","targetHints":{"allow":["GET"]}}],"collection":[{"href":"https:\/\/montreux-vieux.net\/index.php?rest_route=\/wp\/v2\/posts"}],"about":[{"href":"https:\/\/montreux-vieux.net\/index.php?rest_route=\/wp\/v2\/types\/post"}],"author":[{"embeddable":true,"href":"https:\/\/montreux-vieux.net\/index.php?rest_route=\/wp\/v2\/users\/1"}],"replies":[{"embeddable":true,"href":"https:\/\/montreux-vieux.net\/index.php?rest_route=%2Fwp%2Fv2%2Fcomments&post=18319"}],"version-history":[{"count":9,"href":"https:\/\/montreux-vieux.net\/index.php?rest_route=\/wp\/v2\/posts\/18319\/revisions"}],"predecessor-version":[{"id":26305,"href":"https:\/\/montreux-vieux.net\/index.php?rest_route=\/wp\/v2\/posts\/18319\/revisions\/26305"}],"wp:attachment":[{"href":"https:\/\/montreux-vieux.net\/index.php?rest_route=%2Fwp%2Fv2%2Fmedia&parent=18319"}],"wp:term":[{"taxonomy":"category","embeddable":true,"href":"https:\/\/montreux-vieux.net\/index.php?rest_route=%2Fwp%2Fv2%2Fcategories&post=18319"},{"taxonomy":"post_tag","embeddable":true,"href":"https:\/\/montreux-vieux.net\/index.php?rest_route=%2Fwp%2Fv2%2Ftags&post=18319"}],"curies":[{"name":"wp","href":"https:\/\/api.w.org\/{rel}","templated":true}]}}