{"id":18363,"date":"2025-12-26T09:46:00","date_gmt":"2025-12-26T08:46:00","guid":{"rendered":"http:\/\/montreux-vieux.net\/?p=18363"},"modified":"2025-08-05T15:10:12","modified_gmt":"2025-08-05T14:10:12","slug":"la-saint-etienne-en-alsace","status":"publish","type":"post","link":"https:\/\/montreux-vieux.net\/?p=18363","title":{"rendered":"La Saint Etienne en Alsace"},"content":{"rendered":"\n<h3 class=\"wp-block-heading has-text-align-center\"><strong>La Saint Etienne en Alsace<\/strong><\/h3>\n\n\n<div class=\"wp-block-image\">\n<figure class=\"aligncenter size-large\"><img loading=\"lazy\" decoding=\"async\" width=\"466\" height=\"300\" src=\"http:\/\/montreux-vieux.net\/montreux-vieux.net\/wp-content\/uploads\/2019\/12\/Screen-Shot-12-26-19-at-10.43-AM.png\" alt=\"\" class=\"wp-image-18368\" srcset=\"https:\/\/montreux-vieux.net\/montreux-vieux.net\/wp-content\/uploads\/2019\/12\/Screen-Shot-12-26-19-at-10.43-AM.png 466w, https:\/\/montreux-vieux.net\/montreux-vieux.net\/wp-content\/uploads\/2019\/12\/Screen-Shot-12-26-19-at-10.43-AM-300x193.png 300w\" sizes=\"auto, (max-width: 466px) 100vw, 466px\" \/><\/figure>\n<\/div>\n\n\n<div class=\"wp-block-group\"><div class=\"wp-block-group__inner-container is-layout-flow wp-block-group-is-layout-flow\">\n<p>Les Mosellans et les Alsaciens sont en repos le 26\nd\u00e9cembre, jour de la Saint-\u00c9tienne et lendemain de No\u00ebl. Une tradition li\u00e9e \u00e0\nl&rsquo;appartenance de ses territoires \u00e0 l&rsquo;Allemagne.<\/p>\n\n\n\n<p>La quasi totalit\u00e9 des habitants du&nbsp;Bas-Rhin, du&nbsp;Haut-Rhin&nbsp;et de&nbsp;Moselle&nbsp;peuvent encore prolonger les festivit\u00e9s de&nbsp;No\u00ebl&nbsp;le lendemain du 25 d\u00e9cembre.<\/p>\n\n\n\n<h4 class=\"wp-block-heading has-text-align-center\"><strong>En l\u2019honneur de Saint&nbsp;\u00c9tienne, &nbsp;premier martyr de l\u2019histoire du christianisme.<\/strong><\/h4>\n\n\n\n<p>Cette journ\u00e9e du 26 d\u00e9cembre est f\u00e9ri\u00e9e depuis 1892, soit avant 1905, date de la s\u00e9paration de l\u2019\u00c9glise et de l\u2019\u00c9tat&nbsp;en France. Lorsque l\u2019\u00e9v\u00e9nement est survenu, l\u2019Alsace et la Moselle appartenaient \u00e0 l\u2019Allemagne.<\/p>\n\n\n\n<p>En 1918, lors de la r\u00e9trocession des trois d\u00e9partements \u00e0 la France, ils ont tenu \u00e0 garder ce jour f\u00e9ri\u00e9 religieux, ainsi que le&nbsp;Vendredi Saint, alors qu\u2019ils avaient \u00e9t\u00e9 supprim\u00e9s partout ailleurs dans le pays. L\u2019Alsace et la Moselle ont \u00e9galement gard\u00e9 les autres avantages conf\u00e9r\u00e9s par Guillaume II : l\u2019assurance sociale bismarckienne, le concordat\u2026<\/p>\n<\/div><\/div>\n\n\n\n<p><\/p>\n","protected":false},"excerpt":{"rendered":"<p>La Saint Etienne en Alsace Les Mosellans et les Alsaciens sont en repos le 26 d\u00e9cembre, jour de la Saint-\u00c9tienne et lendemain de No\u00ebl. Une tradition li\u00e9e \u00e0 l&rsquo;appartenance de ses territoires \u00e0 l&rsquo;Allemagne. La quasi totalit\u00e9 des habitants du&nbsp;Bas-Rhin, &hellip; <a href=\"https:\/\/montreux-vieux.net\/?p=18363\">Continuer la lecture <span class=\"meta-nav\">&rarr;<\/span><\/a><\/p>\n","protected":false},"author":1,"featured_media":0,"comment_status":"open","ping_status":"open","sticky":false,"template":"","format":"standard","meta":{"footnotes":""},"categories":[1],"tags":[],"class_list":["post-18363","post","type-post","status-publish","format-standard","hentry","category-liens"],"_links":{"self":[{"href":"https:\/\/montreux-vieux.net\/index.php?rest_route=\/wp\/v2\/posts\/18363","targetHints":{"allow":["GET"]}}],"collection":[{"href":"https:\/\/montreux-vieux.net\/index.php?rest_route=\/wp\/v2\/posts"}],"about":[{"href":"https:\/\/montreux-vieux.net\/index.php?rest_route=\/wp\/v2\/types\/post"}],"author":[{"embeddable":true,"href":"https:\/\/montreux-vieux.net\/index.php?rest_route=\/wp\/v2\/users\/1"}],"replies":[{"embeddable":true,"href":"https:\/\/montreux-vieux.net\/index.php?rest_route=%2Fwp%2Fv2%2Fcomments&post=18363"}],"version-history":[{"count":7,"href":"https:\/\/montreux-vieux.net\/index.php?rest_route=\/wp\/v2\/posts\/18363\/revisions"}],"predecessor-version":[{"id":26252,"href":"https:\/\/montreux-vieux.net\/index.php?rest_route=\/wp\/v2\/posts\/18363\/revisions\/26252"}],"wp:attachment":[{"href":"https:\/\/montreux-vieux.net\/index.php?rest_route=%2Fwp%2Fv2%2Fmedia&parent=18363"}],"wp:term":[{"taxonomy":"category","embeddable":true,"href":"https:\/\/montreux-vieux.net\/index.php?rest_route=%2Fwp%2Fv2%2Fcategories&post=18363"},{"taxonomy":"post_tag","embeddable":true,"href":"https:\/\/montreux-vieux.net\/index.php?rest_route=%2Fwp%2Fv2%2Ftags&post=18363"}],"curies":[{"name":"wp","href":"https:\/\/api.w.org\/{rel}","templated":true}]}}