{"id":18474,"date":"2026-01-04T00:05:00","date_gmt":"2026-01-03T23:05:00","guid":{"rendered":"http:\/\/montreux-vieux.net\/?p=18474"},"modified":"2025-12-16T08:39:26","modified_gmt":"2025-12-16T07:39:26","slug":"que-sest-il-passe-a-montreux-vieux-un-4-janvier-2","status":"publish","type":"post","link":"https:\/\/montreux-vieux.net\/?p=18474","title":{"rendered":"Que s\u2019est-il pass\u00e9 \u00e0 Montreux-Vieux un 4 janvier ?"},"content":{"rendered":"\n<div class=\"wp-block-media-text alignfull has-media-on-the-right is-stacked-on-mobile is-vertically-aligned-center is-style-default\" style=\"grid-template-columns:auto 56%\"><div class=\"wp-block-media-text__content\">\n<h2 class=\"wp-block-heading has-text-color\" style=\"color:#000000\"><strong> Une pens\u00e9e pour  : <\/strong><\/h2>\n\n\n\n<p class=\"has-text-color\" style=\"color: #636363; font-size: 17px; line-height: 1.1;\">\n<ul>\n<li>Monsieur Poinsatte G\u00e9rard d\u00e9c\u00e9d\u00e9 le 04 janvier 2001<\/li>\n<\/ul>\n<\/div><figure class=\"wp-block-media-text__media\"><img loading=\"lazy\" decoding=\"async\" width=\"400\" height=\"290\" src=\"https:\/\/montreux-vieux.net\/montreux-vieux.net\/wp-content\/uploads\/2021\/01\/2536644_16f34-1.jpg\" alt=\"\" class=\"wp-image-22365 size-full\" srcset=\"https:\/\/montreux-vieux.net\/montreux-vieux.net\/wp-content\/uploads\/2021\/01\/2536644_16f34-1.jpg 400w, https:\/\/montreux-vieux.net\/montreux-vieux.net\/wp-content\/uploads\/2021\/01\/2536644_16f34-1-300x218.jpg 300w\" sizes=\"auto, (max-width: 400px) 100vw, 400px\" \/><\/figure><\/div>\n\n\n\n<hr class=\"wp-block-separator has-text-color has-blue-color has-css-opacity has-blue-background-color has-background is-style-wide\"\/>\n\n\n\n<h2 class=\"wp-block-heading has-text-align-center\" style=\"font-size:60px\"> R\u00e8glement du 04 janvier 1875 sur l&rsquo;heure locale. <\/h2>\n\n\n\n<p><\/p>\n\n\n\n<p><strong>04 janvier 1875 :<\/strong>&nbsp;A Montreux-Vieux durant la p\u00e9riode de 1871 \u00e0 1914 l\u2019heure locale allemande est en avance de 26 minutes sur l\u2019heure fran\u00e7aise. L\u2019heure allemande calcul\u00e9e sur le m\u00e9ridien de Berlin est en avance de 40 minutes sur l\u2019heure fran\u00e7aise. Elle a \u00e9t\u00e9 r\u00e9tablie le 12 ao\u00fbt 1914. <\/p>\n\n\n\n<p>Les heures locales des diverses m\u00e9tropoles (Berlin, Dresde, Cologne, etc.) servaient d\u2019heures r\u00e9gulatrices pour les diverses lignes de chemins de fer. On unifia les choses pour toute l\u2019Allemagne du Nord et l\u2019Elsass-Lothringen (l\u2019Alsace- Lorraine); Le &nbsp;r\u00e8glement du 4 janvier 1875 exigeait que chaque station ait une horloge r\u00e9gl\u00e9e sur l\u2019heure locale et que les guides horaires destin\u00e9s au public donnent l\u2019heure locale de chacune des localit\u00e9s desservies ; \u00e0 en croire les horaires annonc\u00e9s, il fallait pr\u00e8s d\u2019une heure de plus pour aller de Cologne \u00e0 Berlin que de Berlin \u00e0 Cologne : les longitudes en \u00e9taient la cause. Les conducteurs de trains n\u2019avaient pas \u00e0 conna\u00eetre le temps local, ils se guidaient d\u2019apr\u00e8s leurs propres chronom\u00e8tres, en se conformant aux horaires de service \u00e9tablis pour eux, diff\u00e9rents des horaires destin\u00e9s au public.<\/p>\n\n\n\n<figure class=\"wp-block-image size-large is-resized\"><img loading=\"lazy\" decoding=\"async\" width=\"678\" height=\"609\" src=\"http:\/\/montreux-vieux.net\/montreux-vieux.net\/wp-content\/uploads\/2016\/09\/ScreenShot419.jpg\" alt=\"\" class=\"wp-image-8779\" style=\"width:646px;height:579px\" srcset=\"https:\/\/montreux-vieux.net\/montreux-vieux.net\/wp-content\/uploads\/2016\/09\/ScreenShot419.jpg 678w, https:\/\/montreux-vieux.net\/montreux-vieux.net\/wp-content\/uploads\/2016\/09\/ScreenShot419-300x269.jpg 300w, https:\/\/montreux-vieux.net\/montreux-vieux.net\/wp-content\/uploads\/2016\/09\/ScreenShot419-600x539.jpg 600w\" sizes=\"auto, (max-width: 678px) 100vw, 678px\" \/><\/figure>\n\n\n\n<h4 class=\"wp-block-heading\">&nbsp;Plus d&rsquo;infos \u00e0 l&rsquo;adresse : <a rel=\"noreferrer noopener\" href=\"http:\/\/montreux-vieux.net\/?page_id=7083\" target=\"_blank\">http:\/\/montreux-vieux.net\/?page_id=7083<\/a><\/h4>\n\n\n\n<p>Incendie dans l&rsquo;atelier de menuiserie Catt\u00e9 \u00e0 Montreux-Vieux.<\/p>\n\n\n\n<p>Un incendie a caus\u00e9 des dommages importants aux installations de chauffage du vaste atelier de menuiserie et de charpenterie Catt\u00e9 \u00e0 Altm\u00fcnsterol. Heureusement, le responsable B* de l&rsquo;entreprise a remarqu\u00e9 les \u00e9pais nuages \u200b\u200bde fum\u00e9e et a rapidement pr\u00e9venu les pompiers. L&rsquo;incendie a \u00e9t\u00e9 \u00e9teint apr\u00e8s 1 heure de travail .<\/p>\n\n\n\n<p>Sources : Le R\u00e9publicain du Haut-Rhin,\u00a04 janv. 1949, p.\u00a04\/6<\/p>\n","protected":false},"excerpt":{"rendered":"<p>Une pens\u00e9e pour : Monsieur Poinsatte G\u00e9rard d\u00e9c\u00e9d\u00e9 le 04 janvier 2001 R\u00e8glement du 04 janvier 1875 sur l&rsquo;heure locale. 04 janvier 1875 :&nbsp;A Montreux-Vieux durant la p\u00e9riode de 1871 \u00e0 1914 l\u2019heure locale allemande est en avance de 26 &hellip; <a href=\"https:\/\/montreux-vieux.net\/?p=18474\">Continuer la lecture <span class=\"meta-nav\">&rarr;<\/span><\/a><\/p>\n","protected":false},"author":1,"featured_media":0,"comment_status":"open","ping_status":"open","sticky":false,"template":"","format":"standard","meta":{"footnotes":""},"categories":[1],"tags":[],"class_list":["post-18474","post","type-post","status-publish","format-standard","hentry","category-liens"],"_links":{"self":[{"href":"https:\/\/montreux-vieux.net\/index.php?rest_route=\/wp\/v2\/posts\/18474","targetHints":{"allow":["GET"]}}],"collection":[{"href":"https:\/\/montreux-vieux.net\/index.php?rest_route=\/wp\/v2\/posts"}],"about":[{"href":"https:\/\/montreux-vieux.net\/index.php?rest_route=\/wp\/v2\/types\/post"}],"author":[{"embeddable":true,"href":"https:\/\/montreux-vieux.net\/index.php?rest_route=\/wp\/v2\/users\/1"}],"replies":[{"embeddable":true,"href":"https:\/\/montreux-vieux.net\/index.php?rest_route=%2Fwp%2Fv2%2Fcomments&post=18474"}],"version-history":[{"count":13,"href":"https:\/\/montreux-vieux.net\/index.php?rest_route=\/wp\/v2\/posts\/18474\/revisions"}],"predecessor-version":[{"id":26812,"href":"https:\/\/montreux-vieux.net\/index.php?rest_route=\/wp\/v2\/posts\/18474\/revisions\/26812"}],"wp:attachment":[{"href":"https:\/\/montreux-vieux.net\/index.php?rest_route=%2Fwp%2Fv2%2Fmedia&parent=18474"}],"wp:term":[{"taxonomy":"category","embeddable":true,"href":"https:\/\/montreux-vieux.net\/index.php?rest_route=%2Fwp%2Fv2%2Fcategories&post=18474"},{"taxonomy":"post_tag","embeddable":true,"href":"https:\/\/montreux-vieux.net\/index.php?rest_route=%2Fwp%2Fv2%2Ftags&post=18474"}],"curies":[{"name":"wp","href":"https:\/\/api.w.org\/{rel}","templated":true}]}}