{"id":18481,"date":"2026-01-05T00:05:00","date_gmt":"2026-01-04T23:05:00","guid":{"rendered":"http:\/\/montreux-vieux.net\/?p=18481"},"modified":"2025-12-16T10:04:17","modified_gmt":"2025-12-16T09:04:17","slug":"que-sest-il-passe-a-montreux-vieux-un-5-janvier-2","status":"publish","type":"post","link":"https:\/\/montreux-vieux.net\/?p=18481","title":{"rendered":"Que s\u2019est-il pass\u00e9 \u00e0 Montreux-Vieux un 5 janvier ?"},"content":{"rendered":"\n<h2 class=\"has-text-align-center wp-block-heading\" style=\"font-size:60px\"> Prison pour Fribourg Joseph.  <\/h2>\n\n\n\n<p> <strong>05 Janvier 1894<\/strong>.  Fribourg Joseph, Ag\u00e9 de 38 ans, se disant n\u00e9 \u00e0 Montreux-Vieux (Alsace-Lorraine), journalier, sans domicile fixe, d\u00e9clar\u00e9 coupable de vagabondage et de vol de lard au pr\u00e9judice du sieur Vennesson Emile, de Magnant, a \u00e9t\u00e9 condamn\u00e9 \u00e0 13 mois d\u2019emprisonnement. Sources&nbsp;: Le Petit Courrier de Bar sur Seine 5 janvier 1894 <\/p>\n\n\n\n<hr class=\"wp-block-separator has-text-color has-blue-color has-css-opacity has-blue-background-color has-background is-style-wide\"\/>\n\n\n\n<h2 class=\"has-text-align-center wp-block-heading\" style=\"font-size:60px\"> F\u00eate scolaire du 5 janvier 1915 avec  distribution&nbsp;de&nbsp;jouets.&nbsp; <\/h2>\n\n\n\n<p><\/p>\n\n\n\n<h3 class=\"wp-block-heading\">Le <strong>05 janvier 1915<\/strong>  Nouvelle distribution d\u2019\u00e9trennes, plus importante que la &nbsp;premi\u00e8re envoy\u00e9es par Mme Poincar\u00e9, la Ville de Paris et les grands journaux parisiens<\/h3>\n\n\n\n<p class=\"has-text-align-center\">Extrait de la d\u00e9lib\u00e9ration du conseil municipal du 13 janvier 1915<\/p>\n\n\n\n<p><em>Les membres du Conseil Municipal de la commune de Montreux-Vieux (Alsace), r\u00e9unis en s\u00e9ance extraordinaire, sous la pr\u00e9sidence de leur adjoint, adressent leurs remerciements \u00e0 leurs coll\u00e8gues du conseil municipal de Paris, en particulier \u00e0 M. Mithouard, pour les beaux jouets distribu\u00e9s aux enfants des \u00e9coles fran\u00e7aises de Montreux-Vieux, au cours de la f\u00eate scolaire du 5 janvier 1915  Sign\u00e9&nbsp;: l\u2019adjoint Gautherat <\/em><\/p>\n\n\n\n<hr class=\"wp-block-separator has-text-color has-blue-color has-css-opacity has-blue-background-color has-background is-style-wide\"\/>\n\n\n<div class=\"wp-block-image\">\n<figure class=\"aligncenter is-resized\"><img loading=\"lazy\" decoding=\"async\" src=\"http:\/\/montreux-vieux.net\/montreux-vieux.net\/wp-content\/uploads\/2019\/01\/ScreenShot1489.jpg\" alt=\"\" width=\"638\" height=\"499\"\/><\/figure>\n<\/div>\n\n\n<h2 class=\"has-text-align-center wp-block-heading\" style=\"font-size:60px\"> Traditions du Sundgau: Conjurer le mauvais sort. <\/h2>\n\n\n\n<p>  Conjurer le mauvais sort <\/p>\n\n\n\n<p>(Certaines sont encore actuelles !)<br>&#8211; La protection des enfants est tr\u00e8s importante : le sel qu&rsquo;on lui donne au bapt\u00eame le prot\u00e8ge contre les sorci\u00e8res, comme le fait de retourner les balais et d&rsquo;y poser trois grains de sel qui symbolisent la Trinit\u00e9.<br>&#8211; Accroch\u00e9e \u00e0 la taie d&rsquo;oreiller du nourrisson (dans le berceau et dans le landau), une m\u00e9daille b\u00e9nite d&rsquo;un saint prot\u00e8gera le b\u00e9b\u00e9.&nbsp;<br>&#8211; Une paire de ciseaux ouverts, dispos\u00e9 sous le matelas prot\u00e8ge le nourrisson (!!)<br>&#8211; A l&rsquo;ang\u00e9lus, il faut rentrer les layettes qui s\u00e8chent \u00e0 l&rsquo;ext\u00e9rieur, pour \u00e9viter que les sorci\u00e8res ne puissent s&rsquo;en servir pour ensorceler l&rsquo;enfant. Texte Nicole Munsch <\/p>\n\n\n\n<hr class=\"wp-block-separator has-text-color has-blue-color has-css-opacity has-blue-background-color has-background is-style-wide\"\/>\n\n\n\n<h2 class=\"has-text-align-center wp-block-heading\" style=\"font-size:60px\"> F\u00eate de l&rsquo;arbre de No\u00ebl en 1929. <\/h2>\n\n\n\n<p><strong>5 janvier 1929<\/strong> <\/p>\n\n\n\n<p>F\u00eate de L\u2019Arbre de No\u00ebl. \u2014 Le jour de No\u00ebl la jeunesse de Montreux-Vieux \u00e9tait en f\u00eate. A la salle Heinis bien chaude et mise gracieusement \u00e0 disposition pour la circonstance, les enfants des \u00e9coles se pressaient avec une foule nombreuse de parents et d\u2019amis venus se r\u00e9jouir \u00e0 cette f\u00eate de famille. Chaque classe de nos \u00e9coles fournit une partie du programme et des plus grands aux plus petits chacun s\u00fbt remplir son r\u00f4le avec c\u0153ur.<\/p>\n\n\n\n<p>La ronde des enfants, d\u2019apparition de la f\u00e9e, les chants, les sayn\u00e8tes r\u00e9unirent les plus chaleureux applaudissements de l\u2019assistance.<\/p>\n\n\n\n<p>l.e moment le plus beau fut sans doute, pour les enfants, celui o\u00f9 M. Catt\u00e9, maire de Montreux-Vieux, aid\u00e9 de l\u2019instituteur et des institutrices, distribua des jouets et des friandises \u00e0 chacun des enfants de la commune.<\/p>\n\n\n\n<p>M. le Maire, le personnel enseignant de nos \u00e9coles et tous ceux qui ont contribu\u00e9 \u00e0 l\u2019organisation et r\u00e9ussite de cette f\u00eate, qui fit la joie des enfants et le bonheur des parents, m\u00e9ritent nos plus sinc\u00e8res f\u00e9licitations.<\/p>\n\n\n\n<p>Sources&nbsp;: Le R\u00e9publicain de Belfort 5 janvier 1929<\/p>\n\n\n\n<p><\/p>\n","protected":false},"excerpt":{"rendered":"<p>Prison pour Fribourg Joseph. 05 Janvier 1894. Fribourg Joseph, Ag\u00e9 de 38 ans, se disant n\u00e9 \u00e0 Montreux-Vieux (Alsace-Lorraine), journalier, sans domicile fixe, d\u00e9clar\u00e9 coupable de vagabondage et de vol de lard au pr\u00e9judice du sieur Vennesson Emile, de Magnant, &hellip; <a href=\"https:\/\/montreux-vieux.net\/?p=18481\">Continuer la lecture <span class=\"meta-nav\">&rarr;<\/span><\/a><\/p>\n","protected":false},"author":1,"featured_media":0,"comment_status":"open","ping_status":"open","sticky":false,"template":"","format":"standard","meta":{"footnotes":""},"categories":[1],"tags":[],"class_list":["post-18481","post","type-post","status-publish","format-standard","hentry","category-liens"],"_links":{"self":[{"href":"https:\/\/montreux-vieux.net\/index.php?rest_route=\/wp\/v2\/posts\/18481","targetHints":{"allow":["GET"]}}],"collection":[{"href":"https:\/\/montreux-vieux.net\/index.php?rest_route=\/wp\/v2\/posts"}],"about":[{"href":"https:\/\/montreux-vieux.net\/index.php?rest_route=\/wp\/v2\/types\/post"}],"author":[{"embeddable":true,"href":"https:\/\/montreux-vieux.net\/index.php?rest_route=\/wp\/v2\/users\/1"}],"replies":[{"embeddable":true,"href":"https:\/\/montreux-vieux.net\/index.php?rest_route=%2Fwp%2Fv2%2Fcomments&post=18481"}],"version-history":[{"count":19,"href":"https:\/\/montreux-vieux.net\/index.php?rest_route=\/wp\/v2\/posts\/18481\/revisions"}],"predecessor-version":[{"id":25663,"href":"https:\/\/montreux-vieux.net\/index.php?rest_route=\/wp\/v2\/posts\/18481\/revisions\/25663"}],"wp:attachment":[{"href":"https:\/\/montreux-vieux.net\/index.php?rest_route=%2Fwp%2Fv2%2Fmedia&parent=18481"}],"wp:term":[{"taxonomy":"category","embeddable":true,"href":"https:\/\/montreux-vieux.net\/index.php?rest_route=%2Fwp%2Fv2%2Fcategories&post=18481"},{"taxonomy":"post_tag","embeddable":true,"href":"https:\/\/montreux-vieux.net\/index.php?rest_route=%2Fwp%2Fv2%2Ftags&post=18481"}],"curies":[{"name":"wp","href":"https:\/\/api.w.org\/{rel}","templated":true}]}}