{"id":18486,"date":"2026-01-06T00:05:00","date_gmt":"2026-01-05T23:05:00","guid":{"rendered":"http:\/\/montreux-vieux.net\/?p=18486"},"modified":"2025-12-16T10:05:16","modified_gmt":"2025-12-16T09:05:16","slug":"que-sest-il-passe-a-montreux-vieux-un-6-janvier-2","status":"publish","type":"post","link":"https:\/\/montreux-vieux.net\/?p=18486","title":{"rendered":"Que s\u2019est-il pass\u00e9 \u00e0 Montreux-Vieux un 6 janvier ?"},"content":{"rendered":"\n<div class=\"wp-block-media-text alignfull has-media-on-the-right is-stacked-on-mobile is-vertically-aligned-center is-style-default\" style=\"grid-template-columns:auto 56%\"><div class=\"wp-block-media-text__content\">\n<h2 class=\"wp-block-heading has-text-color\" style=\"color:#000000\"><strong>Une pens\u00e9e pour : <\/strong><\/h2>\n\n\n\n<ul class=\"wp-block-list\">\n<li>Madame Bihr &nbsp;n\u00e9e Keiflin Georgette d\u00e9c\u00e9d\u00e9e le 06  janvier 2003<\/li>\n\n\n\n<li>Monsieur Peru Pierre d\u00e9c\u00e9d\u00e9 le 06 janvier 2011 <\/li>\n<\/ul>\n<\/div><figure class=\"wp-block-media-text__media\"><img loading=\"lazy\" decoding=\"async\" width=\"400\" height=\"290\" src=\"https:\/\/montreux-vieux.net\/montreux-vieux.net\/wp-content\/uploads\/2021\/01\/2536644_16f34-1.jpg\" alt=\"\" class=\"wp-image-22365 size-full\" srcset=\"https:\/\/montreux-vieux.net\/montreux-vieux.net\/wp-content\/uploads\/2021\/01\/2536644_16f34-1.jpg 400w, https:\/\/montreux-vieux.net\/montreux-vieux.net\/wp-content\/uploads\/2021\/01\/2536644_16f34-1-300x218.jpg 300w\" sizes=\"auto, (max-width: 400px) 100vw, 400px\" \/><\/figure><\/div>\n\n\n\n<hr class=\"wp-block-separator has-text-color has-blue-color has-css-opacity has-blue-background-color has-background is-style-wide\"\/>\n\n\n\n<h2 class=\"wp-block-heading has-text-align-center\" style=\"font-size:38px;line-height:1.4\"><strong> <\/strong><\/h2>\n\n\n<div class=\"wp-block-image\">\n<figure class=\"aligncenter is-resized\"><img decoding=\"async\" src=\"http:\/\/montreux-vieux.net\/montreux-vieux.net\/wp-content\/uploads\/2019\/01\/ScreenShot1488.jpg\" alt=\"L\u2019attribut alt de cette image est vide, son nom de fichier est ScreenShot1488.jpg.\" style=\"width:623px;height:307px\"\/><\/figure>\n<\/div>\n\n\n<h2 class=\"wp-block-heading has-text-align-center\" style=\"font-size:60px\"> Tradition du Sundgau: l\u2019Epiphanie. <\/h2>\n\n\n\n<figure class=\"wp-block-image\"><img decoding=\"async\" src=\"https:\/\/montreux-vieux.net\/montreux-vieux.net\/wp-content\/uploads\/2020\/12\/Photos-Diverses-tout-967_InPixio-768x1024.jpg\" alt=\"L\u2019attribut alt de cette image est vide, son nom de fichier est Photos-Diverses-tout-967_InPixio-768x1024.jpg.\"\/><\/figure>\n\n\n\n<p> Les trois Rois Mages \u00e9taient tr\u00e8s populaires et longtemps on croyait que c\u2019\u00e9tait leurs initiales \u00ab&nbsp;C + M + B&nbsp;\u00bb (Caspar, Melchior, Balthazar) qui figuraient, peintes ou grav\u00e9es, au linteau des portes ou des fen\u00eatres, ou encore \u00e0 l\u2019entr\u00e9e des granges, pour prot\u00e9ger la maison, ses habitants et le b\u00e9tail. Ces 3 lettres grav\u00e9es sont pourtant l\u2019abr\u00e9viation de la phrase latine \u00ab&nbsp;Christus mansionem benedicat&nbsp;\u00bb, Que le Christ b\u00e9nisse cette habitation !  Texte: Nicole Munsch <\/p>\n\n\n\n<hr class=\"wp-block-separator has-text-color has-blue-color has-css-opacity has-blue-background-color has-background is-style-wide\"\/>\n\n\n\n<h2 class=\"wp-block-heading has-text-align-center\" style=\"font-size:38px;line-height:1.4\"><strong>Chauffage dans les trains. <\/strong><\/h2>\n\n\n\n<div class=\"wp-block-columns is-layout-flex wp-container-core-columns-is-layout-9d6595d7 wp-block-columns-is-layout-flex\">\n<div class=\"wp-block-column is-layout-flow wp-block-column-is-layout-flow\">\n<p style=\"font-size:18px\"><strong>6 janvier 1905<\/strong>.  Montreux-Vieux, 6 janvier. \u2014 On a d\u00e9cid\u00e9 de remplacer, enfin, dans les trains circulant entre Mulhouse et Belfort et vice versa, les archa\u00efques bouillottes par le chauffage plus moderne \u00e0 la vapeur.  Sources&nbsp;: L&rsquo;Express 7 janvier 1905 <\/p>\n\n\n\n<p><a href=\"https:\/\/www.facebook.com\/groups\/186739191349503\/user\/100069689865230\/?__cft__[0]=AZVYBenQNzIu-LSTMk9IQlYkRsw5slehcwb6c5jXsgUIQFa825_EM2GkIr-DLw_eIvQ4wGgD3JzuO6pSCD9f1g5kMwf171smEm67q7hYsT-1x5FLQdsBB5oWniVKHSljVhSbFo6d2R-7diqh8pLX8DZQTsY_YmJdxQnaXIFw0YM-pSQzAav0gUG8yBlI_88xgZM&amp;__tn__=R]-R\">Daniel Lougnot<\/a> (Facebook 06 janvier 2021) Difficile d&rsquo;imaginer que les trains \u00e9taient chauff\u00e9s par des bouillottes ! Et pourtant .Pendant les mois d&rsquo;hiver, les compartiments de 1\u00e8re et 2\u00e8me classe de tous les trains de la Compagnie de l&rsquo;Est \u00e9taient \u00e9quip\u00e9s de bouillottes remplies d&rsquo;eau tr\u00e8s chaude plac\u00e9es sous les banquettes. Comme celles-ci se refroidissaient tr\u00e8s vite, elles \u00e9taient remplac\u00e9es de loin en loin dans les gares importantes le long du parcours. Ainsi, il existait \u00e0 la gare de Petit-Croix, une \u00ab\u00a0bouillotterie\u00a0\u00bb o\u00f9 plusieurs cheminots se relayaient pour maintenir \u00e0 90\u00b0 un stock de bouillottes permettant de remplacer rapidement celles d&rsquo;un train \u00e0 l&rsquo;arr\u00eat pour les formalit\u00e9s de douane. Le \u00ab\u00a0P\u00e8re bouillotte\u00a0\u00bb longeait le train avec son chariot portant le pr\u00e9cieux stock ; il ouvrait une \u00e0 une les portes des compartiments en criant \u00ab\u00a0Bouillottes, bouillottes ! S\u2019il vous pla\u00eet m&rsquo;ssieurs-dames, levez les jambes \u00a0\u00bb et il sortait les deux longues boites de cuivre \u00e9tam\u00e9 froides pour les remplacer par des chaudes. Ce n\u2019est qu\u2019\u00e0 la fin du 19\u00e8me si\u00e8cle que la vapeur produite par la locomotive fut utilis\u00e9e pour chauffer les trains gr\u00e2ce \u00e0 l\u2019invention de conduites souples et suffisamment r\u00e9sistantes \u00e0 la pression<\/p>\n<\/div>\n<\/div>\n\n\n\n<hr class=\"wp-block-separator has-text-color has-blue-color has-css-opacity has-blue-background-color has-background is-style-wide\"\/>\n\n\n\n<h2 class=\"wp-block-heading has-text-align-center\" style=\"font-size:38px;line-height:1.4\"><strong> Nouvelle distribution d&rsquo;\u00e9trennes. <\/strong><\/h2>\n\n\n\n<div class=\"wp-block-columns is-layout-flex wp-container-core-columns-is-layout-9d6595d7 wp-block-columns-is-layout-flex\">\n<div class=\"wp-block-column is-layout-flow wp-block-column-is-layout-flow\">\n<p style=\"font-size:18px\"> <strong>06 janvier 1915: <\/strong>Nouvelle distribution d&rsquo;\u00e9trennes, plus importante que la premi\u00e8re envoy\u00e9es par Mme Poincar\u00e9, la Ville de Paris et les grands journaux parisiens. <\/p>\n\n\n\n<hr class=\"wp-block-separator has-text-color has-blue-color has-css-opacity has-blue-background-color has-background is-style-wide\"\/>\n\n\n\n<h2 class=\"wp-block-heading has-text-align-center\" style=\"font-size:38px;line-height:1.4\"><strong> Accident de travail. <\/strong><\/h2>\n\n\n\n<div class=\"wp-block-columns is-layout-flex wp-container-core-columns-is-layout-9d6595d7 wp-block-columns-is-layout-flex\">\n<div class=\"wp-block-column is-layout-flow wp-block-column-is-layout-flow\">\n<p style=\"font-size:18px\"> <strong>6 janvier 1923<\/strong>  L\u2019autre jour, le fils de l\u2019entrepreneur G., actuellement sous les drapeaux, en travaillant \u00e0 la scie circulaire dans l\u2019atelier de son p\u00e8re, s\u2019est gri\u00e8vement bless\u00e9 \u00e0 la main gauche. Il a eu 3 doigts coup\u00e9s nets. On le transporta de suite \u00e0 l\u2019h\u00f4pital.&nbsp;  Sources&nbsp;: L\u2019Express 6 janvier 1923 <\/p>\n\n\n\n<hr class=\"wp-block-separator has-text-color has-blue-color has-css-opacity has-blue-background-color has-background is-style-wide\"\/>\n\n\n\n<h2 class=\"wp-block-heading has-text-align-center\" style=\"font-size:38px;line-height:1.4\"><strong> Une pens\u00e9e pour M. Pierre P\u00e9ru Missionnaire du Devoir de M\u00e9moire. d\u00e9c\u00e9d\u00e9 le 06 janvier 2011. <\/strong><\/h2>\n\n\n<div class=\"wp-block-image\">\n<figure class=\"aligncenter is-resized\"><a href=\"http:\/\/montreux-vieux.net\/montreux-vieux.net\/wp-content\/uploads\/2018\/10\/ScreenShot1271.jpg\" target=\"_blank\" rel=\"noreferrer noopener\"><img loading=\"lazy\" decoding=\"async\" width=\"391\" height=\"254\" src=\"http:\/\/montreux-vieux.net\/montreux-vieux.net\/wp-content\/uploads\/2018\/10\/ScreenShot1271.jpg\" alt=\"\" class=\"wp-image-11219\" style=\"width:633px;height:411px\" srcset=\"https:\/\/montreux-vieux.net\/montreux-vieux.net\/wp-content\/uploads\/2018\/10\/ScreenShot1271.jpg 391w, https:\/\/montreux-vieux.net\/montreux-vieux.net\/wp-content\/uploads\/2018\/10\/ScreenShot1271-300x195.jpg 300w\" sizes=\"auto, (max-width: 391px) 100vw, 391px\" \/><\/a><\/figure>\n<\/div>\n\n\n<div class=\"wp-block-columns is-layout-flex wp-container-core-columns-is-layout-9d6595d7 wp-block-columns-is-layout-flex\">\n<div class=\"wp-block-column is-layout-flow wp-block-column-is-layout-flow\">\n<p style=\"font-size:18px\">Une pens\u00e9e pour M. Pierre P\u00e9ru Missionnaire du Devoir de M\u00e9moire. d\u00e9c\u00e9d\u00e9 le 06 janvier 2011.<\/p>\n\n\n\n<p style=\"font-size:18px\">Pr\u00e9sident du GERAL-PRAF du Haut-Rhin Vice-pr\u00e9sident de l\u2019AMAM Missionnaire du Devoir de M\u00e9moire. <\/p>\n\n\n\n<p style=\"font-size:18px\">N\u00e9 \u00e0 Versailles en 1932, install\u00e9 avec ses parents \u00e0 Mulhouse en 1934, Pierre P\u00e9ru n\u2019a pas encore dix ans quand sa famille est expuls\u00e9e d\u2019Alsace, car consid\u00e9r\u00e9e comme \u00ab ennemi du Reich \u00bb. Il part avec 25 kg de bagages avec un groupe d\u2019autres expuls\u00e9s. On les appelle aujourd\u2019hui les PRAF, les Patriotes R\u00e9sistants \u00e0 l\u2019Annexion de Fait. Il g arder a l\u2019image de cet te fuite, la famille abandonnant tous ses biens aux vainqueurs, l\u2019entassement \u00e0 cinquante par wagon de marchandises ou \u00e0 bestiaux, sous les injures des SS accompagn\u00e9s de leurs bergers allemands. La famille s\u2019installe en Charente, d\u2019abord \u00e0 Saint-Claud-sur-le-Son, puis \u00e0 Roussines. Le jeune Pierre assiste impuissant \u00e0 la terreur impos\u00e9e par les SS, la Gestapo et surtout les miliciens, ces fran\u00e7ais volontaires pour servir l\u2019id\u00e9ologie nazie. Il raconte qu\u2019un jour, il a vu un g ar\u00e7on marchant sur un chemin. Un SS le croisa alors que le jeune homme souriait revivant c e r t a i n e m e n t &nbsp;u n &nbsp;b o n moment avec sa copine. Le SS croyant qu\u2019il se moquait de lui, l\u2019abat tit \u00e0 bout portant. Bien que n\u2019\u00e9tant qu\u2019un gamin, Pierre commence alors \u00e0 rendre des services \u00e0 la r\u00e9sistance. Sa mission r \u00e9 g u l i \u00e8 r e &nbsp;c o n s i s t a i t \u00e0 chercher des messages cod\u00e9s que recevait le cur\u00e9 Bayssat dans son presbyt\u00e8re et de les acheminer au poste du maquis. Un jour, il est surpris par une patrouille allemande ; bien que gri\u00e8vement bless\u00e9, il r\u00e9ussit \u00e0 s\u2019\u00e9chapper, mais restera invalide pour le restant de sa vie. Par la suite, il assista \u00e0 quelques parachutages de r\u00e9sistants. Il fut t\u00e9moin des atrocit\u00e9s de la division \u00ab Das Reich \u00bb. Son village fut mitraill\u00e9, l\u2019\u00e9glise pill\u00e9e, le moulin occup\u00e9\u2026et quelques jours plus tard, Pierre vit au loin le ciel se couvrir d\u2019une chape de plomb rouge\u00e2tre : c\u2019\u00e9tait Oradour-sur-Glane qui br\u00fblait\u2026 P r o f o n d \u00e9 m e n t stigmatis\u00e9 par ces \u00e9v\u00e8nements de son adolescence, Pierre P \u00e9 r u &nbsp;e s t &nbsp;d e v e n u un missionnaire de la M\u00e9moire. Il n e cesse de t\u00e9moigner et de militer pour la sauvegarde des valeurs r\u00e9publicaines. On le trouve dans les associations et les manifestations, dans les \u00e9coles et les lyc\u00e9es, en Alsace (il s\u2019est install\u00e9 \u00e0 Montreux-Vieux) et en Charente, \u00e0 Paris et \u00e0 Oradour\u2026 Devenu vice-pr\u00e9sident de l\u2019AMAM en juin dernier, il se d\u00e9pense, sans compter ni son temps, ni ses efforts pour faire conna\u00eetre en France et ailleurs le sort de l\u2019Alsace annex\u00e9e de fait et abandonn\u00e9e par la m\u00e8re-patrie. Nomm\u00e9 chevalier de l\u2019Ordre National du M\u00e9rite par d\u00e9cret du 15 mai 2009, il a \u00e9t\u00e9 d\u00e9cor\u00e9 par Jean-Marie Bockel, le 13 Juillet 2009.  Source&nbsp;: http:\/\/www.memorial-alsace-moselle.com\/wp-content\/uploads\/2017\/09\/BULLETIN_AMAM<\/p>\n\n\n\n<p>  Pour en savoir plus sur Monsieur P\u00e9ru  <a rel=\"noreferrer noopener\" aria-label=\"http:\/\/montreux-vieux.net\/?page_id=503 (s\u2019ouvre dans un nouvel onglet)\" href=\"http:\/\/montreux-vieux.net\/?page_id=5038\" target=\"_blank\">http:\/\/montreux-vieux.net\/?page_id=503<\/a><a href=\"http:\/\/montreux-vieux.net\/?page_id=5038\">8<\/a>  <\/p>\n\n\n<div class=\"wp-block-image\">\n<figure class=\"aligncenter size-full\"><img loading=\"lazy\" decoding=\"async\" width=\"598\" height=\"339\" src=\"https:\/\/montreux-vieux.net\/montreux-vieux.net\/wp-content\/uploads\/2025\/01\/Screen-Shot-02-14-20-at-02.40-PM.png\" alt=\"\" class=\"wp-image-28417\" srcset=\"https:\/\/montreux-vieux.net\/montreux-vieux.net\/wp-content\/uploads\/2025\/01\/Screen-Shot-02-14-20-at-02.40-PM.png 598w, https:\/\/montreux-vieux.net\/montreux-vieux.net\/wp-content\/uploads\/2025\/01\/Screen-Shot-02-14-20-at-02.40-PM-300x170.png 300w\" sizes=\"auto, (max-width: 598px) 100vw, 598px\" \/><\/figure>\n<\/div><\/div>\n<\/div>\n<\/div>\n<\/div>\n<\/div>\n<\/div>\n\n\n\n<p>Novembre 2010<\/p>\n\n\n\n<p><\/p>\n\n\n\n<p><\/p>\n","protected":false},"excerpt":{"rendered":"<p>Tradition du Sundgau: l\u2019Epiphanie. Les trois Rois Mages \u00e9taient tr\u00e8s populaires et longtemps on croyait que c\u2019\u00e9tait leurs initiales \u00ab&nbsp;C + M + B&nbsp;\u00bb (Caspar, Melchior, Balthazar) qui figuraient, peintes ou grav\u00e9es, au linteau des portes ou des fen\u00eatres, ou &hellip; <a href=\"https:\/\/montreux-vieux.net\/?p=18486\">Continuer la lecture <span class=\"meta-nav\">&rarr;<\/span><\/a><\/p>\n","protected":false},"author":1,"featured_media":0,"comment_status":"open","ping_status":"open","sticky":false,"template":"","format":"standard","meta":{"footnotes":""},"categories":[1],"tags":[],"class_list":["post-18486","post","type-post","status-publish","format-standard","hentry","category-liens"],"_links":{"self":[{"href":"https:\/\/montreux-vieux.net\/index.php?rest_route=\/wp\/v2\/posts\/18486","targetHints":{"allow":["GET"]}}],"collection":[{"href":"https:\/\/montreux-vieux.net\/index.php?rest_route=\/wp\/v2\/posts"}],"about":[{"href":"https:\/\/montreux-vieux.net\/index.php?rest_route=\/wp\/v2\/types\/post"}],"author":[{"embeddable":true,"href":"https:\/\/montreux-vieux.net\/index.php?rest_route=\/wp\/v2\/users\/1"}],"replies":[{"embeddable":true,"href":"https:\/\/montreux-vieux.net\/index.php?rest_route=%2Fwp%2Fv2%2Fcomments&post=18486"}],"version-history":[{"count":16,"href":"https:\/\/montreux-vieux.net\/index.php?rest_route=\/wp\/v2\/posts\/18486\/revisions"}],"predecessor-version":[{"id":28418,"href":"https:\/\/montreux-vieux.net\/index.php?rest_route=\/wp\/v2\/posts\/18486\/revisions\/28418"}],"wp:attachment":[{"href":"https:\/\/montreux-vieux.net\/index.php?rest_route=%2Fwp%2Fv2%2Fmedia&parent=18486"}],"wp:term":[{"taxonomy":"category","embeddable":true,"href":"https:\/\/montreux-vieux.net\/index.php?rest_route=%2Fwp%2Fv2%2Fcategories&post=18486"},{"taxonomy":"post_tag","embeddable":true,"href":"https:\/\/montreux-vieux.net\/index.php?rest_route=%2Fwp%2Fv2%2Ftags&post=18486"}],"curies":[{"name":"wp","href":"https:\/\/api.w.org\/{rel}","templated":true}]}}