{"id":18507,"date":"2026-01-08T00:05:00","date_gmt":"2026-01-07T23:05:00","guid":{"rendered":"http:\/\/montreux-vieux.net\/?p=18507"},"modified":"2025-12-16T10:06:49","modified_gmt":"2025-12-16T09:06:49","slug":"que-sest-il-passe-a-montreux-vieux-un-8-janvier-2","status":"publish","type":"post","link":"https:\/\/montreux-vieux.net\/?p=18507","title":{"rendered":"Que s\u2019est-il pass\u00e9 \u00e0 Montreux-Vieux un 8 janvier ?"},"content":{"rendered":"\n<div class=\"wp-block-media-text alignfull has-media-on-the-right is-stacked-on-mobile is-vertically-aligned-center is-style-default\" style=\"grid-template-columns:auto 56%\"><div class=\"wp-block-media-text__content\">\n<h2 class=\"has-text-color wp-block-heading\" style=\"color:#000000\"><strong> Une pens\u00e9e pour : <\/strong><\/h2>\n\n\n\n<ul class=\"wp-block-list\">\n<li>  Monsieur\u00a0Schacherer Ren\u00e9  d\u00e9c\u00e9d\u00e9 le 08 janvier 1999<\/li>\n\n\n\n<li>Une pens\u00e9e pour Monsieur Lucien Richard, d\u00e9c\u00e9d\u00e9 le 08 janvier 2018<\/li>\n<\/ul>\n<\/div><figure class=\"wp-block-media-text__media\"><img loading=\"lazy\" decoding=\"async\" width=\"400\" height=\"290\" src=\"https:\/\/montreux-vieux.net\/montreux-vieux.net\/wp-content\/uploads\/2021\/01\/2536644_16f34-1.jpg\" alt=\"\" class=\"wp-image-22365 size-full\" srcset=\"https:\/\/montreux-vieux.net\/montreux-vieux.net\/wp-content\/uploads\/2021\/01\/2536644_16f34-1.jpg 400w, https:\/\/montreux-vieux.net\/montreux-vieux.net\/wp-content\/uploads\/2021\/01\/2536644_16f34-1-300x218.jpg 300w\" sizes=\"auto, (max-width: 400px) 100vw, 400px\" \/><\/figure><\/div>\n\n\n\n<hr class=\"wp-block-separator has-css-opacity is-style-wide\"\/>\n\n\n\n<h2 class=\"has-text-align-center wp-block-heading\" style=\"font-size:60px\"> Naissance du douanier Lange. <\/h2>\n\n\n\n<p> <strong>8 janvier 1846 : <\/strong>Naissance du douanier Lange  <\/p>\n\n\n\n<p>Naissance le 8 janvier 1846 a Montreux-Vieux &nbsp;d\u2019une personne nomm\u00e9e LANGE. Il devient douanier. Alsacien-Lorrains, il est recherch\u00e9 par le Pr\u00e9fet Baudard &nbsp;en vue de conna\u00eetre son domicile.<\/p>\n\n\n\n<hr class=\"wp-block-separator has-css-opacity is-style-wide\"\/>\n\n\n\n<h2 class=\"has-text-align-center wp-block-heading\" style=\"font-size:60px\"> Remplacement du commissaire. <\/h2>\n\n\n\n<p><strong>8 janvier 1893<\/strong><\/p>\n\n\n\n<p>Commissariat de police. \u2014 M. de Munster, commissaire surnum\u00e9raire \u00e0 Amanviller, est nomm\u00e9 \u00e0 l\u2019essai, aux fonctions de commissaire de police \u00e0 Mulhouse, en remplacement de M. Schilling, charg\u00e9 du commissariat de fronti\u00e8re \u00e0 Montreux-Vieux.<\/p>\n\n\n\n<p>Sources&nbsp;: Express 8 janvier 1893<\/p>\n\n\n\n<hr class=\"wp-block-separator has-text-color has-blue-color has-css-opacity has-blue-background-color has-background is-style-wide\"\/>\n\n\n\n<figure class=\"wp-block-image is-resized\"><img loading=\"lazy\" decoding=\"async\" src=\"http:\/\/montreux-vieux.net\/montreux-vieux.net\/wp-content\/uploads\/2016\/02\/ScreenShot189.jpg\" alt=\"L\u2019attribut alt de cette image est vide, son nom de fichier est ScreenShot189.jpg.\" width=\"644\" height=\"309\"\/><figcaption class=\"wp-element-caption\"> Une Alsacienne, dans son costume traditionnel, appara\u00eet aux automobilistes militaires qui ont conduit \u00e0 Montreux-Vieux le ministre de la Guerre et le gouverneur de Belfort. <\/figcaption><\/figure>\n\n\n\n<h2 class=\"has-text-align-center wp-block-heading\" style=\"font-size:60px\"> Dans le Bulletin quotidien illustr\u00e9 du Vendredi 8 janvier 1915&nbsp;N\u00b0 111&nbsp;. <\/h2>\n\n\n\n<hr class=\"wp-block-separator has-text-color has-blue-color has-css-opacity has-blue-background-color has-background is-style-wide\"\/>\n\n\n\n<h2 class=\"has-text-align-center wp-block-heading\" style=\"font-size:60px\"> Travaux de r\u00e9fection de&nbsp; diverses rues locales. <\/h2>\n\n\n\n<p><strong>08 01 1922<\/strong> Travaux de r\u00e9fection de&nbsp; diverses rues locales. \u2014 Adj.: M. Schlachter Louis, \u00e0 Altkirch, au prix de 38.406 fr. <\/p>\n\n\n\n<hr class=\"wp-block-separator has-text-color has-blue-color has-css-opacity has-blue-background-color has-background is-style-wide\"\/>\n\n\n\n<p><\/p>\n\n\n<div class=\"wp-block-image\">\n<figure class=\"aligncenter is-resized\"><img loading=\"lazy\" decoding=\"async\" src=\"http:\/\/montreux-vieux.net\/montreux-vieux.net\/wp-content\/uploads\/2019\/01\/ScreenShot1485.jpg\" alt=\"L\u2019attribut alt de cette image est vide, son nom de fichier est ScreenShot1485.jpg.\" width=\"647\" height=\"477\"\/><figcaption class=\"wp-element-caption\"> L\u2019accord\u00e9on club de Montreux-Vieux <\/figcaption><\/figure>\n<\/div>\n\n\n<h2 class=\"has-text-align-center wp-block-heading\" style=\"font-size:60px\"> L\u2019accord\u00e9on club de Montreux-Vieux. <\/h2>\n\n\n\n<p> <strong>Le 8 janvier 1944 : <\/strong>on pouvait lire que les accord\u00e9onistes de l\u2019accord\u00e9on club de Muensterol (Montreux-Vieux) ont eu un \u00e9norme succ\u00e8s lors de la belle f\u00eate de samedi soir. Tout le monde \u00e9tait content. &nbsp;Il y eu une pi\u00e8ce de th\u00e9\u00e2tre \u00ab&nbsp;les derniers 20 marks&nbsp;\u00bb Lors de l\u2019entre acte le pr\u00e9sident Monsieur Paul Braunstedter re\u00e7u les f\u00e9licitations du public. <\/p>\n","protected":false},"excerpt":{"rendered":"<p>Naissance du douanier Lange. 8 janvier 1846 : Naissance du douanier Lange Naissance le 8 janvier 1846 a Montreux-Vieux &nbsp;d\u2019une personne nomm\u00e9e LANGE. Il devient douanier. Alsacien-Lorrains, il est recherch\u00e9 par le Pr\u00e9fet Baudard &nbsp;en vue de conna\u00eetre son domicile. &hellip; <a href=\"https:\/\/montreux-vieux.net\/?p=18507\">Continuer la lecture <span class=\"meta-nav\">&rarr;<\/span><\/a><\/p>\n","protected":false},"author":1,"featured_media":0,"comment_status":"open","ping_status":"open","sticky":false,"template":"","format":"standard","meta":{"footnotes":""},"categories":[1],"tags":[],"class_list":["post-18507","post","type-post","status-publish","format-standard","hentry","category-liens"],"_links":{"self":[{"href":"https:\/\/montreux-vieux.net\/index.php?rest_route=\/wp\/v2\/posts\/18507","targetHints":{"allow":["GET"]}}],"collection":[{"href":"https:\/\/montreux-vieux.net\/index.php?rest_route=\/wp\/v2\/posts"}],"about":[{"href":"https:\/\/montreux-vieux.net\/index.php?rest_route=\/wp\/v2\/types\/post"}],"author":[{"embeddable":true,"href":"https:\/\/montreux-vieux.net\/index.php?rest_route=\/wp\/v2\/users\/1"}],"replies":[{"embeddable":true,"href":"https:\/\/montreux-vieux.net\/index.php?rest_route=%2Fwp%2Fv2%2Fcomments&post=18507"}],"version-history":[{"count":13,"href":"https:\/\/montreux-vieux.net\/index.php?rest_route=\/wp\/v2\/posts\/18507\/revisions"}],"predecessor-version":[{"id":25880,"href":"https:\/\/montreux-vieux.net\/index.php?rest_route=\/wp\/v2\/posts\/18507\/revisions\/25880"}],"wp:attachment":[{"href":"https:\/\/montreux-vieux.net\/index.php?rest_route=%2Fwp%2Fv2%2Fmedia&parent=18507"}],"wp:term":[{"taxonomy":"category","embeddable":true,"href":"https:\/\/montreux-vieux.net\/index.php?rest_route=%2Fwp%2Fv2%2Fcategories&post=18507"},{"taxonomy":"post_tag","embeddable":true,"href":"https:\/\/montreux-vieux.net\/index.php?rest_route=%2Fwp%2Fv2%2Ftags&post=18507"}],"curies":[{"name":"wp","href":"https:\/\/api.w.org\/{rel}","templated":true}]}}