{"id":18522,"date":"2026-01-09T00:05:00","date_gmt":"2026-01-08T23:05:00","guid":{"rendered":"http:\/\/montreux-vieux.net\/?p=18522"},"modified":"2025-12-16T10:07:48","modified_gmt":"2025-12-16T09:07:48","slug":"que-sest-il-passe-a-montreux-vieux-un-9-janvier-2","status":"publish","type":"post","link":"https:\/\/montreux-vieux.net\/?p=18522","title":{"rendered":"Que s\u2019est-il pass\u00e9 \u00e0 Montreux-Vieux un 9 janvier ?"},"content":{"rendered":"\n<div class=\"wp-block-media-text alignfull has-media-on-the-right is-stacked-on-mobile is-vertically-aligned-center is-style-default\" style=\"grid-template-columns:auto 56%\"><div class=\"wp-block-media-text__content\">\n<h2 class=\"has-text-color wp-block-heading\" style=\"color:#000000\"><strong>Une pens\u00e9e pour :  <\/strong><\/h2>\n\n\n\n<ul class=\"wp-block-list\">\n<li>  Madame Dangel  Wilhelmine  d\u00e9c\u00e9d\u00e9e le 09 janvier 2010. Elle avait 101 ans.<\/li>\n<\/ul>\n\n\n\n<p><\/p>\n<\/div><figure class=\"wp-block-media-text__media\"><img loading=\"lazy\" decoding=\"async\" width=\"400\" height=\"290\" src=\"https:\/\/montreux-vieux.net\/montreux-vieux.net\/wp-content\/uploads\/2021\/01\/2536644_16f34-1.jpg\" alt=\"\" class=\"wp-image-22365 size-full\" srcset=\"https:\/\/montreux-vieux.net\/montreux-vieux.net\/wp-content\/uploads\/2021\/01\/2536644_16f34-1.jpg 400w, https:\/\/montreux-vieux.net\/montreux-vieux.net\/wp-content\/uploads\/2021\/01\/2536644_16f34-1-300x218.jpg 300w\" sizes=\"auto, (max-width: 400px) 100vw, 400px\" \/><\/figure><\/div>\n\n\n\n<hr class=\"wp-block-separator has-text-color has-blue-color has-css-opacity has-blue-background-color has-background is-style-wide\"\/>\n\n\n\n<h2 class=\"has-text-align-center wp-block-heading\" style=\"font-size:60px\"> Une personne retrouv\u00e9e morte. <\/h2>\n\n\n\n<p><strong>09 janvier 1892<\/strong> Montreux-Vieux, 8 janv. \u2014 On a trouv\u00e9 ce matin, mort dans son lit, frapp\u00e9 sans doute d\u2019apoplexie, un vieillard de 70 ans, nomm\u00e9 Joseph Heidel. Le pauvre homme quoique mari\u00e9 vivait seul d\u2019une pension de 80 pf. par &nbsp;jour que lui faisait sa femme qui habile la France .Sources&nbsp;: Express 9 janvier 1892<\/p>\n\n\n\n<hr class=\"wp-block-separator has-css-opacity is-style-wide\"\/>\n\n\n\n<h2 class=\"has-text-align-center wp-block-heading\" style=\"font-size:60px\"> Dans l&rsquo;Est R\u00e9publicain du 09 janvier 1919. <\/h2>\n\n\n<div class=\"wp-block-image\">\n<figure class=\"aligncenter is-resized\"><img loading=\"lazy\" decoding=\"async\" src=\"http:\/\/montreux-vieux.net\/montreux-vieux.net\/wp-content\/uploads\/2019\/01\/ScreenShot1495.jpg\" alt=\"\" width=\"643\" height=\"299\"\/><\/figure>\n<\/div>\n\n\n<p><strong>09 janvier 1919 :<\/strong> L&rsquo;Est R\u00e9publicain annonce que le corps&nbsp;de P\u00e9goud va \u00eatre ramen\u00e9 en avion de&nbsp;<strong>Montreux-Vieux<\/strong>&nbsp;\u00e0 Paris, pour y \u00eatre d\u00e9finitivement inhum\u00e9. C&rsquo;est au lieutenant&nbsp;Finck que reviendra l&rsquo;honneur de ramener&nbsp;la glorieuse: d\u00e9pouille du c\u00e9l\u00e8bre aviateur. <br>Sources: Le Radical 9 janvier 1919  <\/p>\n\n\n\n<p>Adolphe C\u00e9lestin P\u00e9goud est n\u00e9 dans une famille de paysans en Is\u00e8re. Pour en sortir, il s\u2019engage dans l\u2019arm\u00e9e \u00e0 18 ans. Il passe par l\u2019Afrique du Nord, Toulon et la Haute-Sa\u00f4ne. Il effectue son bapt\u00eame de l\u2019air en 1911 au camp de Satory pr\u00e8s de Versailles. Tr\u00e8s dou\u00e9 pour les activit\u00e9s a\u00e9riennes, il est nomm\u00e9 aide-m\u00e9canicien en 1912. Il passe son brevet de pilote en 1913, ann\u00e9e au cours de laquelle, il est&nbsp;<strong>engag\u00e9 par Louis Bl\u00e9riot comme pilote d&rsquo;essai<\/strong>&nbsp;pour tester toutes les nouvelles am\u00e9liorations techniques. Adolphe P\u00e9goud est ainsi le premier \u00e0 tester&nbsp;<strong>le saut en parachute<\/strong>&nbsp;depuis un avion. Il ouvre ainsi la voie pour sauver les pilotes en perdition. Il r\u00e9alise ensuite le&nbsp;<strong>premier vol sur le dos<\/strong>&nbsp;sur 500 m\u00e8tres et le&nbsp;<strong>premier looping<\/strong>, c\u2019est-\u00e0-dire une boucle compl\u00e8te en l\u2019air. <\/p>\n\n\n\n<p> A la veille de la premi\u00e8re guerre mondiale, Adolphe P\u00e9goud est donc&nbsp;<strong>une star de la voltige<\/strong>. Il se produit devant des dizaines de milliers de personnes dans tous les meetings a\u00e9riens d\u2019Europe. Il est d\u2019ailleurs sur le point de partir aux Etats-Unis lorsqu\u2019il re\u00e7oit son ordre de mobilisation en ao\u00fbt 1914.<br>Le voltigeur entre au deuxi\u00e8me groupe d\u2019aviation de Reims. Il passe rapidement Sergent. Il effectue de nombreux transports d\u2019agents fran\u00e7ais en territoire ennemi, chasse les avions ennemis et r\u00e9alise des photographies a\u00e9riennes.&nbsp;<strong>Il re\u00e7oit la m\u00e9daille militaire le 17 f\u00e9vrier 1915<\/strong>, est cit\u00e9 plusieurs fois \u00e0 l\u2019ordre de l\u2019arm\u00e9e, et passe sous-lieutenant. Adolphe P\u00e9goud, est officiellement le premier as de l\u2019aviation fran\u00e7aise,&nbsp;<strong>le premier victorieux de cinq combats a\u00e9riens<\/strong>. Il prend alors les commandes d\u2019un avion plus performant, le Nieuport XI, \u00e0 moteur rotatif, \u00e9quip\u00e9 d\u2019une mitrailleuse Hotchkiss. <\/p>\n\n\n\n<p> <strong>Il est nomm\u00e9 chevalier de la l\u00e9gion d\u2019honneur<\/strong>. La nomination pr\u00e9cise \u00ab&nbsp;le 28 ao\u00fbt, au cours d\u2019un duel a\u00e9rien, Adolphe P\u00e9goud a eu son avion cribl\u00e9 de balles. Oblig\u00e9 d\u2019atterrir, il a pris aussit\u00f4t toutes les dispositions pour sauver son appareil malgr\u00e9 un feu intense de batteries allemandes.&nbsp;\u00bb<br>Mais Adolphe P\u00e9goud n\u2019apprendra jamais cette nomination. Le 31 ao\u00fbt, il s\u2019engage dans un combat singulier (au dessus de Montreux) avec un biplace allemand venu en rep\u00e9rage photographique sur les forts de la place de Belfort. L\u2019avion allemand est touch\u00e9 mais donne une derni\u00e8re salve en direction de P\u00e9goud avant de partir. Ses balles sont fatales \u00e0 P\u00e9goud touch\u00e9 au c\u0153ur. Il s\u2019\u00e9crase sur Petit-Croix.<br>Ses fun\u00e9railles dignes d\u2019un h\u00e9ros national ont lieu devant 6&nbsp;000 personnes au cimeti\u00e8re de Brasse \u00e0 Belfort (photo cort\u00e8ge), puis au cimeti\u00e8re Montparnasse en 1920.<br>Le 6 septembre, le pilote allemand vainqueur de P\u00e9goud l\u00e2che une couronne \u00e0 l\u2019aplomb de Chavannes-les-Grands portant l\u2019inscription dans sa langue \u00ab&nbsp;A l\u2019aviateur P\u00e9goud tomb\u00e9 en combattant pour sa patrie. Hommage de son adversaire.&nbsp;\u00bb <\/p>\n\n\n<div class=\"wp-block-image\">\n<figure class=\"aligncenter size-large\"><img loading=\"lazy\" decoding=\"async\" width=\"501\" height=\"435\" src=\"http:\/\/montreux-vieux.net\/montreux-vieux.net\/wp-content\/uploads\/2020\/01\/Screen-Shot-01-09-20-at-11.48-AM.png\" alt=\"\" class=\"wp-image-18552\" srcset=\"https:\/\/montreux-vieux.net\/montreux-vieux.net\/wp-content\/uploads\/2020\/01\/Screen-Shot-01-09-20-at-11.48-AM.png 501w, https:\/\/montreux-vieux.net\/montreux-vieux.net\/wp-content\/uploads\/2020\/01\/Screen-Shot-01-09-20-at-11.48-AM-300x260.png 300w\" sizes=\"auto, (max-width: 501px) 100vw, 501px\" \/><figcaption class=\"wp-element-caption\"> \u00ab&nbsp;A l\u2019aviateur P\u00e9goud tomb\u00e9 en combattant pour sa patrie. Hommage de son adversaire.&nbsp;\u00bb <\/figcaption><\/figure>\n<\/div>\n\n\n<h5 class=\"wp-block-heading\">Sources: <a href=\"https:\/\/france3-regions.francetvinfo.fr\/bourgogne-franche-comte\/histoires-14-18-celestin-adolphe-pegoud-le-premier-927655.html\" target=\"_blank\" rel=\"noreferrer noopener\"> https:\/\/france3-regions.francetvinfo.fr\/bourgogne-franche-comte\/histoires-14-18-celestin-adolphe-pegoud-le-premier-927655.html<\/a> <\/h5>\n\n\n\n<hr class=\"wp-block-separator has-css-opacity is-style-wide\"\/>\n\n\n\n<p><\/p>\n\n\n\n<h2 class=\"has-text-align-center wp-block-heading\" style=\"font-size:60px\">Traditions du Sundgau: La veill\u00e9e. <\/h2>\n\n\n<div class=\"wp-block-image\">\n<figure class=\"aligncenter is-resized\"><img loading=\"lazy\" decoding=\"async\" src=\"http:\/\/montreux-vieux.net\/montreux-vieux.net\/wp-content\/uploads\/2016\/01\/ScreenShot768.jpg\" alt=\"ScreenShot768\" width=\"658\" height=\"375\"\/><\/figure>\n<\/div>\n\n\n<p> Dans les villages, les voisins se rassemblaient chez ceux qui avaient les moyens d&rsquo;entretenir un bon feu de chemin\u00e9e. C&rsquo;\u00e9tait le temps des histoires racont\u00e9es aux enfants, le temps des souvenirs personnels ou relatifs \u00e0 la vie du village, des histoires \u00ab\u00a0des paysans qui avaient ruin\u00e9 leurs familles par leurs dettes\u00a0\u00bb, bref les fameuses <em>Dorfgeschichte <\/em>(racontars). Les grands-m\u00e8res racontaient volontiers des histoires de sorci\u00e8res, de revenants qui hantaient les alentours du village et qui sortaient le soir. Ces histoires avaient une finalit\u00e9 \u00e9ducative puisque ces \u00eatres fantomatiques, incarnation de l&rsquo;antique terreur nocturne, \u00e9taient cens\u00e9s s&rsquo;en prendre aux enfants d\u00e9sob\u00e9issants. Les grands-m\u00e8res aimaient aussi \u00e9voquer les dangers de la for\u00eat et de ses loups qui mangeaient les enfants. Dans les familles pratiquantes, on racontait \u00e9galement des histoires pieuses ayant trait \u00e0 la vie des saints ou \u00e0 la Bible. Nicole Munch  <\/p>\n","protected":false},"excerpt":{"rendered":"<p>Une personne retrouv\u00e9e morte. 09 janvier 1892 Montreux-Vieux, 8 janv. \u2014 On a trouv\u00e9 ce matin, mort dans son lit, frapp\u00e9 sans doute d\u2019apoplexie, un vieillard de 70 ans, nomm\u00e9 Joseph Heidel. Le pauvre homme quoique mari\u00e9 vivait seul d\u2019une &hellip; <a href=\"https:\/\/montreux-vieux.net\/?p=18522\">Continuer la lecture <span class=\"meta-nav\">&rarr;<\/span><\/a><\/p>\n","protected":false},"author":1,"featured_media":0,"comment_status":"open","ping_status":"open","sticky":false,"template":"","format":"standard","meta":{"footnotes":""},"categories":[1],"tags":[],"class_list":["post-18522","post","type-post","status-publish","format-standard","hentry","category-liens"],"_links":{"self":[{"href":"https:\/\/montreux-vieux.net\/index.php?rest_route=\/wp\/v2\/posts\/18522","targetHints":{"allow":["GET"]}}],"collection":[{"href":"https:\/\/montreux-vieux.net\/index.php?rest_route=\/wp\/v2\/posts"}],"about":[{"href":"https:\/\/montreux-vieux.net\/index.php?rest_route=\/wp\/v2\/types\/post"}],"author":[{"embeddable":true,"href":"https:\/\/montreux-vieux.net\/index.php?rest_route=\/wp\/v2\/users\/1"}],"replies":[{"embeddable":true,"href":"https:\/\/montreux-vieux.net\/index.php?rest_route=%2Fwp%2Fv2%2Fcomments&post=18522"}],"version-history":[{"count":12,"href":"https:\/\/montreux-vieux.net\/index.php?rest_route=\/wp\/v2\/posts\/18522\/revisions"}],"predecessor-version":[{"id":25873,"href":"https:\/\/montreux-vieux.net\/index.php?rest_route=\/wp\/v2\/posts\/18522\/revisions\/25873"}],"wp:attachment":[{"href":"https:\/\/montreux-vieux.net\/index.php?rest_route=%2Fwp%2Fv2%2Fmedia&parent=18522"}],"wp:term":[{"taxonomy":"category","embeddable":true,"href":"https:\/\/montreux-vieux.net\/index.php?rest_route=%2Fwp%2Fv2%2Fcategories&post=18522"},{"taxonomy":"post_tag","embeddable":true,"href":"https:\/\/montreux-vieux.net\/index.php?rest_route=%2Fwp%2Fv2%2Ftags&post=18522"}],"curies":[{"name":"wp","href":"https:\/\/api.w.org\/{rel}","templated":true}]}}