{"id":18531,"date":"2026-01-10T00:05:00","date_gmt":"2026-01-09T23:05:00","guid":{"rendered":"http:\/\/montreux-vieux.net\/?p=18531"},"modified":"2026-01-07T16:23:25","modified_gmt":"2026-01-07T15:23:25","slug":"que-sest-il-passe-a-montreux-vieux-un-10-janvier-2","status":"publish","type":"post","link":"https:\/\/montreux-vieux.net\/?p=18531","title":{"rendered":"Que s\u2019est-il pass\u00e9 \u00e0 Montreux-Vieux un 10 janvier ?"},"content":{"rendered":"\n<div class=\"wp-block-media-text alignfull has-media-on-the-right is-stacked-on-mobile is-vertically-aligned-center is-style-default\" style=\"grid-template-columns:auto 56%\"><div class=\"wp-block-media-text__content\">\n<h2 class=\"wp-block-heading has-text-color\" style=\"color:#000000\"><strong>Une pens\u00e9e pour : <\/strong><\/h2>\n\n\n\n<ul class=\"wp-block-list\">\n<li>Monsieur Ren\u00e9 Pierre d\u00e9c\u00e9d\u00e9 le 10 janvier 2017  <\/li>\n\n\n\n<li>Madame Monique Kieffer n\u00e9e Piot d\u00e9c\u00e9d\u00e9e le 10 janvier 2019 <\/li>\n\n\n\n<li>Madame Marie-Jeanne Mieschberger n\u00e9e Fournier d\u00e9c\u00e9d\u00e9e le 10 janvier 2021<\/li>\n\n\n\n<li>Madame Richert Gabrielle, d\u00e9c\u00e9d\u00e9e le 10 janvier 2022<\/li>\n\n\n\n<li>Madame Demange n\u00e9e Schultz Andr\u00e9e, d\u00e9c\u00e9d\u00e9e le 10 janvier 2025.<\/li>\n<\/ul>\n<\/div><figure class=\"wp-block-media-text__media\"><img loading=\"lazy\" decoding=\"async\" width=\"400\" height=\"290\" src=\"https:\/\/montreux-vieux.net\/montreux-vieux.net\/wp-content\/uploads\/2021\/01\/2536644_16f34-1.jpg\" alt=\"\" class=\"wp-image-22365 size-full\" srcset=\"https:\/\/montreux-vieux.net\/montreux-vieux.net\/wp-content\/uploads\/2021\/01\/2536644_16f34-1.jpg 400w, https:\/\/montreux-vieux.net\/montreux-vieux.net\/wp-content\/uploads\/2021\/01\/2536644_16f34-1-300x218.jpg 300w\" sizes=\"auto, (max-width: 400px) 100vw, 400px\" \/><\/figure><\/div>\n\n\n\n<hr class=\"wp-block-separator has-css-opacity is-style-wide\"\/>\n\n\n<div class=\"wp-block-image is-resized\">\n<figure class=\"aligncenter size-large\"><img loading=\"lazy\" decoding=\"async\" width=\"594\" height=\"361\" src=\"http:\/\/montreux-vieux.net\/montreux-vieux.net\/wp-content\/uploads\/2020\/01\/ScreenShot1364.jpg\" alt=\"\" class=\"wp-image-18533\" srcset=\"https:\/\/montreux-vieux.net\/montreux-vieux.net\/wp-content\/uploads\/2020\/01\/ScreenShot1364.jpg 594w, https:\/\/montreux-vieux.net\/montreux-vieux.net\/wp-content\/uploads\/2020\/01\/ScreenShot1364-300x182.jpg 300w\" sizes=\"auto, (max-width: 594px) 100vw, 594px\" \/><\/figure>\n<\/div>\n\n\n<h2 class=\"wp-block-heading has-text-align-center\" style=\"font-size:60px\">  Manoeuvre  du R\u00e9giment de dragons badois n\u00b022. <\/h2>\n\n\n\n<p><strong>10 janvier 1906: <\/strong> Le r\u00e9giment de dragons badois no 22, en garnison \u00e0 Mulhouse, man\u0153uvrait hier dans la r\u00e9gion fronti\u00e8re&nbsp;comprise entre Altkirch et&nbsp;<strong>Montreux-Vieux.&nbsp;<\/strong>Un d\u00e9tachement de ce r\u00e9giment a pouss\u00e9 jusqu\u2019\u00e0 la limit\u00e9&nbsp;extr\u00eame..  <br>Sources: Le Temps&nbsp; 11 janvier 1906 <\/p>\n\n\n\n<p><\/p>\n\n\n\n<p><strong>ESSERT Accident morte<\/strong>l. Sa journ\u00e9e termin\u00e9e. M. Joseph Ramseyer. 48 ans. ajusteur \u00e0 la Compagnie des chemins de fer de l&rsquo;Est a Belfort, demeurant a Essert, regagnait \u00e0 bicyclette son domicile, en suivant la droite du faubourg Paris. Le brouillard, tr\u00e8s dense, emp\u00eachait de voir ,\u00e0 vingt m\u00e8tres devant soi.<\/p>\n\n\n\n<p>Soudain, une camionnette automobile, qui devait sans doute  tenir le milieu de la chauss\u00e9e par suite de la neige gel\u00e9e amass\u00e9e de chaque c\u00f4t\u00e9 de la route, arriva en sens inverse et heurta le cycliste qui atteint a la t\u00eate eut la boite cr\u00e2nienne ouverte. La mort fut instantan\u00e9e.<\/p>\n\n\n\n<p>Le conducteur du v\u00e9hicule, M. Catte. chauffeur d&rsquo;auto, \u00e0 Montreux-Vieux (Haut-Rhin). qui revenait d&rsquo;effectuer une livraison \u00e0 Chalonvillars et regagnait Belfort, ayant ressenti un choc, arr\u00eata son v\u00e9hicule peu apr\u00e8s, revint en arri\u00e8re et trouva la victime gisant sur la route. Le Dr Lefcvre. de passage, appel\u00e9 \u00e0 donner ses soins \u00e0 M. Ramseyer. ne put que constater le d\u00e9c\u00e8s.<\/p>\n\n\n\n<p>Le d\u00e9plorable accident s&rsquo;est produit au centre du village d&rsquo;Essert. \u00e0 hauteur du n\u201c 84. et \u00e0 un endroit o\u00f9 la route a six m\u00e8tres de largeur.<\/p>\n\n\n\n<p>Entendu par les gendarmes de Valdoie charg\u00e9s de l\u2019enqu\u00eate, l&rsquo;automobiliste a d\u00e9clar\u00e9 que le brouillard l avait emp\u00each\u00e9 de voir le cycliste, il affirme avoir bien tenu sa droite.<\/p>\n\n\n\n<p>Sources : Le R\u00e9publicain de Belfort,&nbsp;10 janv. 1934, p.&nbsp;3\/4<\/p>\n\n\n\n<p><strong>Montreux Vieux. \u2014<\/strong> Un nous \u00e9crit le 10 : A l\u2019encontre de la fr\u00e9quence des voyageurs sur la ligne de chemin de  Paris Mulhouse, le trafic des marchandises y est actuellement des plus consid\u00e9rables. On organise tous les jours des trains sp\u00e9ciaux pour \u00e9couler les wagons qui arrivent en masse et qui sont charg\u00e9s surtout de coton, \u00e0 destination de la Russie, et de b\u00e9tail, qui reste dans le pays. Express,\u00a011 janv. 1894, p.\u00a02\/4<\/p>\n\n\n\n<p><\/p>\n","protected":false},"excerpt":{"rendered":"<p>Manoeuvre du R\u00e9giment de dragons badois n\u00b022. 10 janvier 1906: Le r\u00e9giment de dragons badois no 22, en garnison \u00e0 Mulhouse, man\u0153uvrait hier dans la r\u00e9gion fronti\u00e8re&nbsp;comprise entre Altkirch et&nbsp;Montreux-Vieux.&nbsp;Un d\u00e9tachement de ce r\u00e9giment a pouss\u00e9 jusqu\u2019\u00e0 la limit\u00e9&nbsp;extr\u00eame.. Sources: &hellip; <a href=\"https:\/\/montreux-vieux.net\/?p=18531\">Continuer la lecture <span class=\"meta-nav\">&rarr;<\/span><\/a><\/p>\n","protected":false},"author":1,"featured_media":0,"comment_status":"open","ping_status":"open","sticky":false,"template":"","format":"standard","meta":{"footnotes":""},"categories":[1],"tags":[],"class_list":["post-18531","post","type-post","status-publish","format-standard","hentry","category-liens"],"_links":{"self":[{"href":"https:\/\/montreux-vieux.net\/index.php?rest_route=\/wp\/v2\/posts\/18531","targetHints":{"allow":["GET"]}}],"collection":[{"href":"https:\/\/montreux-vieux.net\/index.php?rest_route=\/wp\/v2\/posts"}],"about":[{"href":"https:\/\/montreux-vieux.net\/index.php?rest_route=\/wp\/v2\/types\/post"}],"author":[{"embeddable":true,"href":"https:\/\/montreux-vieux.net\/index.php?rest_route=\/wp\/v2\/users\/1"}],"replies":[{"embeddable":true,"href":"https:\/\/montreux-vieux.net\/index.php?rest_route=%2Fwp%2Fv2%2Fcomments&post=18531"}],"version-history":[{"count":15,"href":"https:\/\/montreux-vieux.net\/index.php?rest_route=\/wp\/v2\/posts\/18531\/revisions"}],"predecessor-version":[{"id":28549,"href":"https:\/\/montreux-vieux.net\/index.php?rest_route=\/wp\/v2\/posts\/18531\/revisions\/28549"}],"wp:attachment":[{"href":"https:\/\/montreux-vieux.net\/index.php?rest_route=%2Fwp%2Fv2%2Fmedia&parent=18531"}],"wp:term":[{"taxonomy":"category","embeddable":true,"href":"https:\/\/montreux-vieux.net\/index.php?rest_route=%2Fwp%2Fv2%2Fcategories&post=18531"},{"taxonomy":"post_tag","embeddable":true,"href":"https:\/\/montreux-vieux.net\/index.php?rest_route=%2Fwp%2Fv2%2Ftags&post=18531"}],"curies":[{"name":"wp","href":"https:\/\/api.w.org\/{rel}","templated":true}]}}