{"id":18539,"date":"2026-01-11T00:05:00","date_gmt":"2026-01-10T23:05:00","guid":{"rendered":"http:\/\/montreux-vieux.net\/?p=18539"},"modified":"2025-12-16T10:09:51","modified_gmt":"2025-12-16T09:09:51","slug":"que-sest-il-passe-a-montreux-vieux-un-11-janvier-2","status":"publish","type":"post","link":"https:\/\/montreux-vieux.net\/?p=18539","title":{"rendered":"Que s\u2019est-il pass\u00e9 \u00e0 Montreux-Vieux un 11 janvier ?"},"content":{"rendered":"\n<h2 class=\"has-text-align-center wp-block-heading\" style=\"font-size:60px\"> Plantation de cerisiers. <\/h2>\n\n\n\n<p><strong>Le 11 janvier 1863<\/strong> : le Conseil Municipal d\u00e9cide de sortir des for\u00eats pendant 3 ans de suite, 120 cerisiers pour les planter le long des chemins 32 et 38.<\/p>\n\n\n\n<hr class=\"wp-block-separator has-css-opacity is-style-wide\"\/>\n\n\n\n<h2 class=\"has-text-align-center wp-block-heading\" style=\"font-size:60px\"> Demande de naturalisation. <\/h2>\n\n\n\n<p><strong>Le 11 janvier 1888&nbsp;:<\/strong> Le sieur Martichon C\u00e9lestin et sa famille ont d\u00e9pos\u00e9 une demande de naturalisation en qualit\u00e9 d\u2019Alsacien Lorrain. Le Conseil Municipal est contre parce qu\u2019il n\u2019a ni maison ni position qui lui permet de subvenir aux besoins de sa famille. Avec son grand \u00e2ge avanc\u00e9 de 69 ans il ne pourra bient\u00f4t plus travailler il sera alors une charge pour la commune. Sa femme est incapable de travailler et une de ses filles est malade alit\u00e9e depuis longtemps.<\/p>\n\n\n\n<hr class=\"wp-block-separator has-text-color has-blue-color has-css-opacity has-blue-background-color has-background is-style-wide\"\/>\n\n\n\n<h2 class=\"has-text-align-center wp-block-heading\" style=\"font-size:60px\"> Mouvement de la 38\u00e8 Compagnie .<\/h2>\n\n\n\n<p>L<strong>e 11 janvier 1918,<\/strong> la 38 \u00e8me compagnie du 49\u00e8 RIT&nbsp;faisait de nouveau mouvement pour aller \u00e0 Montreux-Vieux<\/p>\n\n\n\n<hr class=\"wp-block-separator has-text-color has-blue-color has-css-opacity has-blue-background-color has-background is-style-wide\"\/>\n\n\n\n<h2 class=\"has-text-align-center wp-block-heading\" style=\"font-size:60px\"> Une chasse \u00e9motionnante au sanglier. <\/h2>\n\n\n\n<p><strong>11 janvier 1923<\/strong> Une chasse \u00e9motionnante au sanglier. Le dimanche 11 janvier, \u00e0 9 heures du matin, les chasseurs de Fontaine, Frais, Foussemagne et Montreux-Vieux, au nombre de huit fusils, se mirent en campagne dans les for\u00eats de Petit-Croix.<\/p>\n\n\n\n<p>Apr\u00e8s avoir rep\u00e9r\u00e9 approximativement deux bandes de sangliers, l\u2019attaque fut dirig\u00e9e par M. Catt\u00e9 C\u00e9lestin, entrepreneur de travaux publics \u00e0 Montreux-Vieux &nbsp;qui pla\u00e7a les fusils.<\/p>\n\n\n\n<p>M. Mercier, avec quatre chiens, d\u00e9bourra imm\u00e9diatement un sanglier. Ce pachyderme se dirigea sur M. Munsch. A 30 m\u00e8tres de lui. il se retourna brusquement. M. Munsch lui ennoya un coup de fusil, la b\u00eate tomba un peu plus loin, se releva et repartit, suivie par les chiens \u00e0 qui elle tient t\u00eate tr\u00e8s \u00e9nergiquement.<\/p>\n\n\n\n<p>M. Catt\u00e9 C\u00e9lestin. qui se trouvait \u00e0 10 m\u00e8tres plus loin, se dirigea sur le sanglier qui chargea \u00e0 fond sur lui. Ne perdant pas son sang-froid, M. Catt\u00e9 tira vivement un coup de fusil qui arr\u00eata l\u2019animal en furie et le fit rouler sur le sol.<\/p>\n\n\n\n<p>Le sanglier, non bless\u00e9 \u00e0 mort, repartit dans le fourr\u00e9, suivi par le chasseur et ses chiens.<\/p>\n\n\n\n<p>Catt\u00e9 lui envoya un second coup de fusil le fit chanceler et tomber \u00e0 nouveau. M.Catt\u00e9. voulant en finir arm\u00e9 de son couteau de chasse, bondit sur l\u2019animal et lui planta son couteau dans le coeur, maintenant jusqu\u2019\u00e0 I arriv\u00e9e de M. Armand Lerch qui se trouvait \u00e0 proximit\u00e9, poids de l\u2019animal abattu est de 82 kilos<\/p>\n\n\n\n<p>Sources&nbsp;: L\u2019Express de Mulhouse du 18 janvier 1923<\/p>\n\n\n\n<hr class=\"wp-block-separator has-text-color has-blue-color has-css-opacity has-blue-background-color has-background is-style-wide\"\/>\n\n\n\n<h2 class=\"has-text-align-center wp-block-heading\" style=\"font-size:60px\"> Immatriculation de commerces.  <\/h2>\n\n\n\n<p><strong>11 janvier 1933<\/strong> Immatriculation au registre de commerce .Dangel-Theiller, \u00e9picerie et mercerie \u00e0 Montreux-Vieux, 73, rue Principale, propri\u00e9taire: Wilhelmina Dangel n\u00e9e Theiller<\/p>\n\n\n\n<p>Sources L\u2019Express de Mulhouse 11 janvier 1933<\/p>\n\n\n\n<hr class=\"wp-block-separator has-css-opacity is-style-wide\"\/>\n\n\n\n<h2 class=\"has-text-align-center wp-block-heading\" style=\"font-size:60px\"> Fermeture de commerces. <\/h2>\n\n\n\n<p><strong>11 janvier 1997,<\/strong> Fermeture de la boulangerie Specht, puis Sutter  <\/p>\n\n\n\n<p><\/p>\n","protected":false},"excerpt":{"rendered":"<p>Plantation de cerisiers. Le 11 janvier 1863 : le Conseil Municipal d\u00e9cide de sortir des for\u00eats pendant 3 ans de suite, 120 cerisiers pour les planter le long des chemins 32 et 38. Demande de naturalisation. Le 11 janvier 1888&nbsp;: &hellip; <a href=\"https:\/\/montreux-vieux.net\/?p=18539\">Continuer la lecture <span class=\"meta-nav\">&rarr;<\/span><\/a><\/p>\n","protected":false},"author":1,"featured_media":0,"comment_status":"open","ping_status":"open","sticky":false,"template":"","format":"standard","meta":{"footnotes":""},"categories":[1],"tags":[],"class_list":["post-18539","post","type-post","status-publish","format-standard","hentry","category-liens"],"_links":{"self":[{"href":"https:\/\/montreux-vieux.net\/index.php?rest_route=\/wp\/v2\/posts\/18539","targetHints":{"allow":["GET"]}}],"collection":[{"href":"https:\/\/montreux-vieux.net\/index.php?rest_route=\/wp\/v2\/posts"}],"about":[{"href":"https:\/\/montreux-vieux.net\/index.php?rest_route=\/wp\/v2\/types\/post"}],"author":[{"embeddable":true,"href":"https:\/\/montreux-vieux.net\/index.php?rest_route=\/wp\/v2\/users\/1"}],"replies":[{"embeddable":true,"href":"https:\/\/montreux-vieux.net\/index.php?rest_route=%2Fwp%2Fv2%2Fcomments&post=18539"}],"version-history":[{"count":10,"href":"https:\/\/montreux-vieux.net\/index.php?rest_route=\/wp\/v2\/posts\/18539\/revisions"}],"predecessor-version":[{"id":28555,"href":"https:\/\/montreux-vieux.net\/index.php?rest_route=\/wp\/v2\/posts\/18539\/revisions\/28555"}],"wp:attachment":[{"href":"https:\/\/montreux-vieux.net\/index.php?rest_route=%2Fwp%2Fv2%2Fmedia&parent=18539"}],"wp:term":[{"taxonomy":"category","embeddable":true,"href":"https:\/\/montreux-vieux.net\/index.php?rest_route=%2Fwp%2Fv2%2Fcategories&post=18539"},{"taxonomy":"post_tag","embeddable":true,"href":"https:\/\/montreux-vieux.net\/index.php?rest_route=%2Fwp%2Fv2%2Ftags&post=18539"}],"curies":[{"name":"wp","href":"https:\/\/api.w.org\/{rel}","templated":true}]}}