{"id":18579,"date":"2026-01-14T00:05:00","date_gmt":"2026-01-13T23:05:00","guid":{"rendered":"http:\/\/montreux-vieux.net\/?p=18579"},"modified":"2026-01-14T07:46:33","modified_gmt":"2026-01-14T06:46:33","slug":"que-sest-il-passe-a-montreux-vieux-un-14-janvier-2","status":"publish","type":"post","link":"https:\/\/montreux-vieux.net\/?p=18579","title":{"rendered":"Que s\u2019est-il pass\u00e9 \u00e0 Montreux-Vieux un 14 janvier ?"},"content":{"rendered":"\n<div class=\"wp-block-media-text alignfull has-media-on-the-right is-stacked-on-mobile is-vertically-aligned-center is-style-default\" style=\"grid-template-columns:auto 56%\"><div class=\"wp-block-media-text__content\">\n<h2 class=\"wp-block-heading has-text-color\" style=\"color:#000000\"><strong>Une pens\u00e9e pour :  <\/strong><\/h2>\n\n\n\n<ul class=\"wp-block-list\">\n<li>Nathalie Moreth d\u00e9c\u00e9d\u00e9e le 14 janvier 1999.<\/li>\n\n\n\n<li>Serge Schlatterer d\u00e9c\u00e9d\u00e9 le 14 janvier 2007.<\/li>\n<\/ul>\n<\/div><figure class=\"wp-block-media-text__media\"><img loading=\"lazy\" decoding=\"async\" width=\"400\" height=\"290\" src=\"https:\/\/montreux-vieux.net\/montreux-vieux.net\/wp-content\/uploads\/2021\/01\/2536644_16f34-1.jpg\" alt=\"\" class=\"wp-image-22365 size-full\" srcset=\"https:\/\/montreux-vieux.net\/montreux-vieux.net\/wp-content\/uploads\/2021\/01\/2536644_16f34-1.jpg 400w, https:\/\/montreux-vieux.net\/montreux-vieux.net\/wp-content\/uploads\/2021\/01\/2536644_16f34-1-300x218.jpg 300w\" sizes=\"auto, (max-width: 400px) 100vw, 400px\" \/><\/figure><\/div>\n\n\n\n<hr class=\"wp-block-separator has-css-opacity is-style-wide\"\/>\n\n\n\n<h2 class=\"wp-block-heading has-text-align-center\" style=\"font-size:60px\"> Consultations m\u00e9dicales \u00e0 la Manufacture de Coton.<\/h2>\n\n\n\n<p><strong>14 janvier 1928<\/strong> Pour les malades. \u2014 Sous ce titre nous avons annonc\u00e9 dans notre num\u00e9ro du 7 janvier que M. le Docteur Kunnemann viendrait, tous les jeudis, donner ses consultations dans un local mis gracieusement \u00e0 sa disposition par la&nbsp; manufacture de coton d\u2019accord avec la municipalit\u00e9. Ces consultations auront lieu \u00e0 partir de 18 heures et non de 19 heures comme il avait \u00e9t\u00e9 annonc\u00e9s pr\u00e9c\u00e9demment.<\/p>\n\n\n\n<p>Sources&nbsp;: Le R\u00e9publicain de Belfort 14 janvier 1928<\/p>\n\n\n\n<hr class=\"wp-block-separator has-text-color has-blue-color has-css-opacity has-blue-background-color has-background is-style-wide\"\/>\n\n\n\n<h2 class=\"wp-block-heading has-text-align-center\" style=\"font-size:60px\"> Traditions du Sundgau; Les jours de la semaine. <\/h2>\n\n\n\n<p>&nbsp;Le lundi est un jour d\u00e9favorable car plac\u00e9 sous l\u2019influence de la lune.<\/p>\n\n\n\n<p>Le mardi est un jour favorable : les mariages des paysans riches \u00e9taient c\u00e9l\u00e9br\u00e9s ce jour-l\u00e0 et duraient jusqu\u2019au dimanche.<\/p>\n\n\n\n<p>Le vendredi est un jour plut\u00f4t d\u00e9favorable. N\u00e9anmoins, le fait de se couper les ongles et cheveux un vendredi permet de garder une bonne vue et une bonne ou\u00efe.(Nicole Munch)<\/p>\n\n\n\n<hr class=\"wp-block-separator has-text-color has-blue-color has-css-opacity has-blue-background-color has-background is-style-wide\"\/>\n\n\n\n<div class=\"wp-block-media-text alignfull is-vertically-aligned-center is-style-default\" style=\"grid-template-columns:56% auto\"><figure class=\"wp-block-media-text__media\"><img loading=\"lazy\" decoding=\"async\" width=\"555\" height=\"536\" src=\"https:\/\/montreux-vieux.net\/montreux-vieux.net\/wp-content\/uploads\/2019\/10\/zzScreenShot691_InPixio.jpg\" alt=\"\" class=\"wp-image-18065 size-full\" srcset=\"https:\/\/montreux-vieux.net\/montreux-vieux.net\/wp-content\/uploads\/2019\/10\/zzScreenShot691_InPixio.jpg 555w, https:\/\/montreux-vieux.net\/montreux-vieux.net\/wp-content\/uploads\/2019\/10\/zzScreenShot691_InPixio-300x290.jpg 300w\" sizes=\"auto, (max-width: 555px) 100vw, 555px\" \/><\/figure><div class=\"wp-block-media-text__content\">\n<h2 class=\"wp-block-heading has-text-color\" style=\"color:#000000\"><strong>Grand anniversaire<\/strong><\/h2>\n\n\n\n<ul class=\"wp-block-list\">\n<li>Madame Grosjean B\u00e9atrice f\u00eate aujourd&rsquo;hui ses 91 ans.<\/li>\n\n\n\n<li>Monsieur Legroux Jean-Claude f\u00eate aujourd&rsquo;hui ses 80 ans.<\/li>\n<\/ul>\n<\/div><\/div>\n\n\n\n<p><\/p>\n","protected":false},"excerpt":{"rendered":"<p>Consultations m\u00e9dicales \u00e0 la Manufacture de Coton. 14 janvier 1928 Pour les malades. \u2014 Sous ce titre nous avons annonc\u00e9 dans notre num\u00e9ro du 7 janvier que M. le Docteur Kunnemann viendrait, tous les jeudis, donner ses consultations dans un &hellip; <a href=\"https:\/\/montreux-vieux.net\/?p=18579\">Continuer la lecture <span class=\"meta-nav\">&rarr;<\/span><\/a><\/p>\n","protected":false},"author":1,"featured_media":0,"comment_status":"open","ping_status":"open","sticky":false,"template":"","format":"standard","meta":{"footnotes":""},"categories":[1],"tags":[],"class_list":["post-18579","post","type-post","status-publish","format-standard","hentry","category-liens"],"_links":{"self":[{"href":"https:\/\/montreux-vieux.net\/index.php?rest_route=\/wp\/v2\/posts\/18579","targetHints":{"allow":["GET"]}}],"collection":[{"href":"https:\/\/montreux-vieux.net\/index.php?rest_route=\/wp\/v2\/posts"}],"about":[{"href":"https:\/\/montreux-vieux.net\/index.php?rest_route=\/wp\/v2\/types\/post"}],"author":[{"embeddable":true,"href":"https:\/\/montreux-vieux.net\/index.php?rest_route=\/wp\/v2\/users\/1"}],"replies":[{"embeddable":true,"href":"https:\/\/montreux-vieux.net\/index.php?rest_route=%2Fwp%2Fv2%2Fcomments&post=18579"}],"version-history":[{"count":15,"href":"https:\/\/montreux-vieux.net\/index.php?rest_route=\/wp\/v2\/posts\/18579\/revisions"}],"predecessor-version":[{"id":28556,"href":"https:\/\/montreux-vieux.net\/index.php?rest_route=\/wp\/v2\/posts\/18579\/revisions\/28556"}],"wp:attachment":[{"href":"https:\/\/montreux-vieux.net\/index.php?rest_route=%2Fwp%2Fv2%2Fmedia&parent=18579"}],"wp:term":[{"taxonomy":"category","embeddable":true,"href":"https:\/\/montreux-vieux.net\/index.php?rest_route=%2Fwp%2Fv2%2Fcategories&post=18579"},{"taxonomy":"post_tag","embeddable":true,"href":"https:\/\/montreux-vieux.net\/index.php?rest_route=%2Fwp%2Fv2%2Ftags&post=18579"}],"curies":[{"name":"wp","href":"https:\/\/api.w.org\/{rel}","templated":true}]}}