{"id":18589,"date":"2026-01-15T08:39:49","date_gmt":"2026-01-15T07:39:49","guid":{"rendered":"http:\/\/montreux-vieux.net\/?p=18589"},"modified":"2026-01-15T08:39:49","modified_gmt":"2026-01-15T07:39:49","slug":"que-sest-il-passe-a-montreux-vieux-un-15-janvier-2","status":"publish","type":"post","link":"https:\/\/montreux-vieux.net\/?p=18589","title":{"rendered":"Que s\u2019est-il pass\u00e9 \u00e0 Montreux-Vieux un 15 janvier ?"},"content":{"rendered":"\n<div class=\"wp-block-media-text alignfull has-media-on-the-right is-stacked-on-mobile is-vertically-aligned-center is-style-default\" style=\"grid-template-columns:auto 56%\"><div class=\"wp-block-media-text__content\">\n<h2 class=\"wp-block-heading has-text-color\" style=\"color:#000000\"><strong>Une pens\u00e9e pour : <\/strong><\/h2>\n\n\n\n<ul class=\"wp-block-list\">\n<li>M.Robert Hilt dit Christophe d\u00e9c\u00e9d\u00e9 le 15 janvier 2020 <\/li>\n<\/ul>\n<\/div><figure class=\"wp-block-media-text__media\"><img loading=\"lazy\" decoding=\"async\" width=\"400\" height=\"290\" src=\"https:\/\/montreux-vieux.net\/montreux-vieux.net\/wp-content\/uploads\/2021\/01\/2536644_16f34-1.jpg\" alt=\"\" class=\"wp-image-22365 size-full\" srcset=\"https:\/\/montreux-vieux.net\/montreux-vieux.net\/wp-content\/uploads\/2021\/01\/2536644_16f34-1.jpg 400w, https:\/\/montreux-vieux.net\/montreux-vieux.net\/wp-content\/uploads\/2021\/01\/2536644_16f34-1-300x218.jpg 300w\" sizes=\"auto, (max-width: 400px) 100vw, 400px\" \/><\/figure><\/div>\n\n\n\n<hr class=\"wp-block-separator has-text-color has-blue-color has-css-opacity has-blue-background-color has-background is-style-wide\"\/>\n\n\n<div class=\"wp-block-image\">\n<figure class=\"aligncenter size-large\"><img loading=\"lazy\" decoding=\"async\" width=\"816\" height=\"525\" src=\"http:\/\/montreux-vieux.net\/montreux-vieux.net\/wp-content\/uploads\/2020\/01\/Screen-Shot-01-12-20-at-02.36-PM.png\" alt=\"\" class=\"wp-image-18591\" srcset=\"https:\/\/montreux-vieux.net\/montreux-vieux.net\/wp-content\/uploads\/2020\/01\/Screen-Shot-01-12-20-at-02.36-PM.png 816w, https:\/\/montreux-vieux.net\/montreux-vieux.net\/wp-content\/uploads\/2020\/01\/Screen-Shot-01-12-20-at-02.36-PM-300x193.png 300w, https:\/\/montreux-vieux.net\/montreux-vieux.net\/wp-content\/uploads\/2020\/01\/Screen-Shot-01-12-20-at-02.36-PM-768x494.png 768w, https:\/\/montreux-vieux.net\/montreux-vieux.net\/wp-content\/uploads\/2020\/01\/Screen-Shot-01-12-20-at-02.36-PM-600x386.png 600w\" sizes=\"auto, (max-width: 816px) 100vw, 816px\" \/><\/figure>\n<\/div>\n\n\n<h2 class=\"wp-block-heading has-text-align-center\" style=\"font-size:60px\"> Survol d&rsquo;a\u00e9roplanes au dessus d&rsquo;Altmunsterol <\/h2>\n\n\n\n<p> <strong>15 janvier 1915 ;&nbsp;<\/strong>Hier&nbsp;soir&nbsp;14&nbsp;janvier 1915, des a\u00e9roplanes allemands ont survol\u00e9s la contr\u00e9e. <\/p>\n\n\n\n<hr class=\"wp-block-separator has-text-color has-blue-color has-css-opacity has-blue-background-color has-background is-style-wide\"\/>\n\n\n\n<h4 class=\"wp-block-heading\">  <\/h4>\n\n\n\n<h2 class=\"wp-block-heading has-text-align-center\" style=\"font-size:60px\"> Il y a 45 ans en 1979 un avion du type mirage 3 photographiait le village <\/h2>\n\n\n\n<h3 class=\"wp-block-heading has-text-align-left\">De nombreuses personnes ont \u00e9t\u00e9 surprises par la qualit\u00e9 des photos prises par un avion du type mirage 3 en 1979 volant \u00e0 la vitesse de mach 2 soit&nbsp; environ 2&nbsp;448 km\/h. L&rsquo;un des lecteurs nous envoie une&nbsp; photo&nbsp;du type exact de l\u2019appareil. <\/h3>\n\n\n<div class=\"wp-block-image\">\n<figure class=\"aligncenter\"><img decoding=\"async\" src=\"http:\/\/montreux-vieux.net\/montreux-vieux.net\/wp-content\/uploads\/2019\/02\/mirage-3-r.jpg\" alt=\"L\u2019attribut alt de cette image est vide, son nom de fichier est mirage-3-r.jpg.\"\/><\/figure>\n<\/div>\n\n\n<ul class=\"wp-block-list\">\n<li> C\u2019est effectivement un mirage tel que celui la qui \u00e0 pris les photos. Le mirage en photo est bien un mirage 3 mais cette version est le mirage 3 N qui appartenait \u00e0 la 4eme escadre de chasse de Luxeuil-Les-Bains (Base Nucl\u00e9aire) sa diff\u00e9rence par rapport au mirage 3ER se trouve \u00e0 l&rsquo;avant car ceux de la 33ER avaient des cam\u00e9ras \u00e0 l&rsquo;avant. <\/li>\n\n\n\n<li> Super tes photos a\u00e9riennes. On y voit aussi l&rsquo;ancien d\u00e9p\u00f4t des sapeurs pompiers 1 ou 2 ans avant sa d\u00e9molition. On ne voit pas beaucoup de voitures gar\u00e9es autour des maisons. Je serai curieux de voir une photo d&rsquo;aujourd&rsquo;hui pour comparer, je suis sur que l&rsquo;on serait surprit. <\/li>\n\n\n\n<li>&nbsp;Les photos des avions mirage sont trop bien<\/li>\n\n\n\n<li>&nbsp;J\u2019ai reconnu mon ancienne voiture devant chez moi<\/li>\n\n\n\n<li>&nbsp;etc..<\/li>\n<\/ul>\n\n\n\n<h3 class=\"wp-block-heading\"> De nombreuses personnes sur Facebook disent \u00e9galement aimer cela. <\/h3>\n\n\n\n<h3 class=\"wp-block-heading\"> Voici quelques photos du (Mirage 3 de la 33 escadre de reconnaissance) <\/h3>\n\n\n\n<figure class=\"wp-block-image\"><img decoding=\"async\" src=\"http:\/\/montreux-vieux.net\/montreux-vieux.net\/wp-content\/uploads\/2019\/02\/Montreux1979-6-1024x1024.jpg\" alt=\"\"\/><\/figure>\n\n\n\n<figure class=\"wp-block-image\"><img decoding=\"async\" src=\"http:\/\/montreux-vieux.net\/montreux-vieux.net\/wp-content\/uploads\/2019\/02\/Montreux1979-1-1024x987.jpg\" alt=\"\"\/><\/figure>\n\n\n\n<figure class=\"wp-block-image\"><img decoding=\"async\" src=\"http:\/\/montreux-vieux.net\/montreux-vieux.net\/wp-content\/uploads\/2019\/02\/Montreux1979-2-917x1024.jpg\" alt=\"\"\/><\/figure>\n\n\n\n<figure class=\"wp-block-image\"><img decoding=\"async\" src=\"http:\/\/montreux-vieux.net\/montreux-vieux.net\/wp-content\/uploads\/2019\/02\/Montreux1979-3-929x1024.jpg\" alt=\"\"\/><\/figure>\n\n\n\n<figure class=\"wp-block-image\"><img decoding=\"async\" src=\"http:\/\/montreux-vieux.net\/montreux-vieux.net\/wp-content\/uploads\/2019\/02\/Montreux1979-4-917x1024.jpg\" alt=\"\"\/><\/figure>\n\n\n\n<figure class=\"wp-block-image\"><img decoding=\"async\" src=\"http:\/\/montreux-vieux.net\/montreux-vieux.net\/wp-content\/uploads\/2019\/02\/Montreux1979-5-1024x1007.jpg\" alt=\"\"\/><\/figure>\n","protected":false},"excerpt":{"rendered":"<p>Survol d&rsquo;a\u00e9roplanes au dessus d&rsquo;Altmunsterol 15 janvier 1915 ;&nbsp;Hier&nbsp;soir&nbsp;14&nbsp;janvier 1915, des a\u00e9roplanes allemands ont survol\u00e9s la contr\u00e9e. Il y a 45 ans en 1979 un avion du type mirage 3 photographiait le village De nombreuses personnes ont \u00e9t\u00e9 surprises par &hellip; <a href=\"https:\/\/montreux-vieux.net\/?p=18589\">Continuer la lecture <span class=\"meta-nav\">&rarr;<\/span><\/a><\/p>\n","protected":false},"author":1,"featured_media":0,"comment_status":"open","ping_status":"open","sticky":false,"template":"","format":"standard","meta":{"footnotes":""},"categories":[1],"tags":[],"class_list":["post-18589","post","type-post","status-publish","format-standard","hentry","category-liens"],"_links":{"self":[{"href":"https:\/\/montreux-vieux.net\/index.php?rest_route=\/wp\/v2\/posts\/18589","targetHints":{"allow":["GET"]}}],"collection":[{"href":"https:\/\/montreux-vieux.net\/index.php?rest_route=\/wp\/v2\/posts"}],"about":[{"href":"https:\/\/montreux-vieux.net\/index.php?rest_route=\/wp\/v2\/types\/post"}],"author":[{"embeddable":true,"href":"https:\/\/montreux-vieux.net\/index.php?rest_route=\/wp\/v2\/users\/1"}],"replies":[{"embeddable":true,"href":"https:\/\/montreux-vieux.net\/index.php?rest_route=%2Fwp%2Fv2%2Fcomments&post=18589"}],"version-history":[{"count":20,"href":"https:\/\/montreux-vieux.net\/index.php?rest_route=\/wp\/v2\/posts\/18589\/revisions"}],"predecessor-version":[{"id":26333,"href":"https:\/\/montreux-vieux.net\/index.php?rest_route=\/wp\/v2\/posts\/18589\/revisions\/26333"}],"wp:attachment":[{"href":"https:\/\/montreux-vieux.net\/index.php?rest_route=%2Fwp%2Fv2%2Fmedia&parent=18589"}],"wp:term":[{"taxonomy":"category","embeddable":true,"href":"https:\/\/montreux-vieux.net\/index.php?rest_route=%2Fwp%2Fv2%2Fcategories&post=18589"},{"taxonomy":"post_tag","embeddable":true,"href":"https:\/\/montreux-vieux.net\/index.php?rest_route=%2Fwp%2Fv2%2Ftags&post=18589"}],"curies":[{"name":"wp","href":"https:\/\/api.w.org\/{rel}","templated":true}]}}