{"id":18607,"date":"2026-01-16T00:05:00","date_gmt":"2026-01-15T23:05:00","guid":{"rendered":"http:\/\/montreux-vieux.net\/?p=18607"},"modified":"2025-12-21T13:22:01","modified_gmt":"2025-12-21T12:22:01","slug":"que-sest-il-passe-a-montreux-vieux-un-16-janvier-2","status":"publish","type":"post","link":"https:\/\/montreux-vieux.net\/?p=18607","title":{"rendered":"Que s\u2019est-il pass\u00e9 \u00e0 Montreux-Vieux un 16 janvier ?"},"content":{"rendered":"\n<div class=\"wp-block-media-text alignfull has-media-on-the-right is-stacked-on-mobile is-vertically-aligned-center is-style-default\" style=\"grid-template-columns:auto 56%\"><div class=\"wp-block-media-text__content\">\n<h2 class=\"wp-block-heading has-text-color\" style=\"color:#000000\"><strong>Une pens\u00e9e pour : <\/strong><\/h2>\n\n\n\n<ul class=\"wp-block-list\">\n<li> Madame Kah n\u00e9e Schacherer Alice  d\u00e9c\u00e9d\u00e9e le 16 janvier 1997<\/li>\n<\/ul>\n<\/div><figure class=\"wp-block-media-text__media\"><img loading=\"lazy\" decoding=\"async\" width=\"400\" height=\"290\" src=\"https:\/\/montreux-vieux.net\/montreux-vieux.net\/wp-content\/uploads\/2021\/01\/2536644_16f34-1.jpg\" alt=\"\" class=\"wp-image-22365 size-full\" srcset=\"https:\/\/montreux-vieux.net\/montreux-vieux.net\/wp-content\/uploads\/2021\/01\/2536644_16f34-1.jpg 400w, https:\/\/montreux-vieux.net\/montreux-vieux.net\/wp-content\/uploads\/2021\/01\/2536644_16f34-1-300x218.jpg 300w\" sizes=\"auto, (max-width: 400px) 100vw, 400px\" \/><\/figure><\/div>\n\n\n\n<p><\/p>\n\n\n\n<h2 class=\"wp-block-heading has-text-align-center\" style=\"font-size:60px\"> Bapt\u00e8me de Marie Barbe LE VIEUX.<\/h2>\n\n\n\n<h4 class=\"wp-block-heading\"><strong>16 janvier 1773<\/strong> Bapt\u00e8me de Marie Barbe LE VIEUX (f) (Baptis\u00e9) Nicolas LE VIEUX (P\u00e8re) r\u00e9sidence : Montreux-Vieux Fran\u00e7oise BEROUX (M\u00e8re)Jean Pierre CUENIN (Parrain) Marie Barbe CHARMOY (Marraine) r\u00e9sidence : Montreux-Vieux. Sources Lisa<\/h4>\n\n\n\n<hr class=\"wp-block-separator has-text-color has-blue-color has-css-opacity has-blue-background-color has-background is-style-wide\"\/>\n\n\n\n<h2 class=\"wp-block-heading has-text-align-center\" style=\"font-size:60px\"> Adjudication d\u2019un taureau pour la saillie des vaches. <\/h2>\n\n\n\n<p><strong>Le 16 janvier 1832 <\/strong>a eu lieu l\u2019Adjudication d\u2019un taureau pour la saillie des vaches de particuliers. Les conditions \u00e9taient les suivantes&nbsp;:La fourniture aura lieu le jour de la Saint Antoine prochain<\/p>\n\n\n\n<p>Il devra \u00eatre de bel esp\u00e8ces, propre. Il devra \u00eatre agr\u00e9\u00e9 par le Conseil Municipal. Il devra \u00eatre amen\u00e9 au moins une fois par jour au troupeau.Il devra \u00eatre remplac\u00e9 dans les quinze jours s\u2019il est accident\u00e9 ou hors service. Il pourra \u00eatre attel\u00e9 une fois par jour par le propri\u00e9taire pour son usage. C\u2019est le taureau du sieur Gaspard Cuenin qui f\u00fbt agr\u00e9\u00e9 au prix de 81 F. Et de lire : \u00ab Le sieur Gevrier Fran\u00e7ois Joseph secr\u00e9taire tenant la plume \u00bb<\/p>\n\n\n<div class=\"wp-block-image\">\n<figure class=\"aligncenter is-resized\"><img decoding=\"async\" src=\"http:\/\/montreux-vieux.net\/montreux-vieux.net\/wp-content\/uploads\/2011\/12\/itaureaujpg.jpg\" alt=\"L\u2019attribut alt de cette image est vide, son nom de fichier est itaureaujpg.jpg.\" style=\"width:639px;height:443px\"\/><\/figure>\n<\/div>\n\n\n<p> Le syst\u00e8me de la monte publique<br>Autrefois, dans chaque village il y avait \u00ab<strong>un taureau communal<\/strong>\u00bb car l\u2019ins\u00e9mination artificielle n\u2019existait pas. A Montreux-Vieux, il y avait m\u00eame un pr\u00e9 nomm\u00e9 \u00ab<strong>Le Pr\u00e9 du Taureau<\/strong>\u00bb, c\u2019est l\u00e0 que l\u2019on mettait en p\u00e2ture le taureau qui \u00e9tait choisi. <\/p>\n\n\n\n<p> Le remplacement du taureau n\u2019\u00e9tait pas chose facile puisqu\u2019il fallait proc\u00e9der par une adjudication publique. En 1792 dans une petite commune de France, il a fallu 4 s\u00e9ances du conseil municipal pour le remplacement du taureau communal dont \u00ab<strong>&nbsp;l\u2019invalidit\u00e9&nbsp;<\/strong>\u00bb avait \u00e9t\u00e9 d\u00fbment constat\u00e9e et \u00ab&nbsp;<strong>l\u2019impuissance<\/strong>&nbsp;\u00bb reconnue de tous. <\/p>\n\n\n\n<p> Voici ce que contenait le contrat d\u2019adjudication du 16 janvier 1832 pour la saillie des vaches de particuliers \u00e0 Montreux-Vieux :<br>La fourniture aura lieu le jour de la St Antoine prochain<br>Il devra \u00eatre de belles esp\u00e8ces, propre<br>Il devra \u00eatre agr\u00e9\u00e9 par le Conseil Municipal<br>Il devra \u00eatre amen\u00e9 au moins une fois par jour au troupeau<br>Il devra \u00eatre remplac\u00e9 dans les quinze jours s\u2019il est accident\u00e9 ou hors service<br>Il pourra \u00eatre attel\u00e9 une fois par jour par le propri\u00e9taire pour son usage. <\/p>\n\n\n\n<p> C\u2019est le taureau du sieur Gaspard Cuenin qui fut agr\u00e9\u00e9 au prix de 81f <\/p>\n\n\n\n<hr class=\"wp-block-separator has-text-color has-blue-color has-css-opacity has-blue-background-color has-background is-style-wide\"\/>\n\n\n\n<h2 class=\"wp-block-heading has-text-align-center\" style=\"font-size:60px\"> Le rapide de Calais a tamponn\u00e9 un autre train. <\/h2>\n\n\n\n<p><strong>16 janvier 1894<\/strong> Montreux Vieux. \u2014 on nous \u00e9crit le 16 : Le rapide de Calais est arriv\u00e9 hier soir avec un retard de deux heures. Il avait tamponn\u00e9 un autre train \u00e0 LuxeuiL Les employ\u00e9s du train racontent que neuf voyageurs  ont \u00e9t\u00e9 bless\u00e9s. Cinq d\u2019entre eux seraient gri\u00e8vement atteints. (Voir la communication de la Compagnie de l\u2019Est, sous le titre de \u00ab Luxeuil\u00bb, dans L\u2019 Express d\u2019hier.<\/p>\n\n\n\n<p>Sources&nbsp;: Express 17 janvier 1894<\/p>\n\n\n\n<p><\/p>\n\n\n\n<p><strong>TAGOLSHEIM, grave accident de la circulation. <\/strong>M. Fischer, directeur de l&rsquo;\u00e9cole de Montreux-Vieux, ainsi que son \u00e9pouse et sa fille de cinq ans, ont \u00e9t\u00e9 victimes d&rsquo;un grave accident. La voiture dans laquelle se trouvaient les \u00e9poux Fischer a d\u00e9rap\u00e9 sur la route, dans le virage \u00e0 l&rsquo;entr\u00e9e du village, et a heurt\u00e9 un arbre. Les trois passagers ont \u00e9t\u00e9 gri\u00e8vement bless\u00e9s et ont d\u00fb \u00eatre transport\u00e9s \u00e0 l&rsquo;h\u00f4pital Saint-Morand. Sources :Freie Presse,\u00a016 janv. 1939, p.\u00a05\/6<\/p>\n\n\n\n<p><\/p>\n","protected":false},"excerpt":{"rendered":"<p>Bapt\u00e8me de Marie Barbe LE VIEUX. 16 janvier 1773 Bapt\u00e8me de Marie Barbe LE VIEUX (f) (Baptis\u00e9) Nicolas LE VIEUX (P\u00e8re) r\u00e9sidence : Montreux-Vieux Fran\u00e7oise BEROUX (M\u00e8re)Jean Pierre CUENIN (Parrain) Marie Barbe CHARMOY (Marraine) r\u00e9sidence : Montreux-Vieux. Sources Lisa Adjudication &hellip; <a href=\"https:\/\/montreux-vieux.net\/?p=18607\">Continuer la lecture <span class=\"meta-nav\">&rarr;<\/span><\/a><\/p>\n","protected":false},"author":1,"featured_media":0,"comment_status":"open","ping_status":"open","sticky":false,"template":"","format":"standard","meta":{"footnotes":""},"categories":[1],"tags":[],"class_list":["post-18607","post","type-post","status-publish","format-standard","hentry","category-liens"],"_links":{"self":[{"href":"https:\/\/montreux-vieux.net\/index.php?rest_route=\/wp\/v2\/posts\/18607","targetHints":{"allow":["GET"]}}],"collection":[{"href":"https:\/\/montreux-vieux.net\/index.php?rest_route=\/wp\/v2\/posts"}],"about":[{"href":"https:\/\/montreux-vieux.net\/index.php?rest_route=\/wp\/v2\/types\/post"}],"author":[{"embeddable":true,"href":"https:\/\/montreux-vieux.net\/index.php?rest_route=\/wp\/v2\/users\/1"}],"replies":[{"embeddable":true,"href":"https:\/\/montreux-vieux.net\/index.php?rest_route=%2Fwp%2Fv2%2Fcomments&post=18607"}],"version-history":[{"count":13,"href":"https:\/\/montreux-vieux.net\/index.php?rest_route=\/wp\/v2\/posts\/18607\/revisions"}],"predecessor-version":[{"id":26848,"href":"https:\/\/montreux-vieux.net\/index.php?rest_route=\/wp\/v2\/posts\/18607\/revisions\/26848"}],"wp:attachment":[{"href":"https:\/\/montreux-vieux.net\/index.php?rest_route=%2Fwp%2Fv2%2Fmedia&parent=18607"}],"wp:term":[{"taxonomy":"category","embeddable":true,"href":"https:\/\/montreux-vieux.net\/index.php?rest_route=%2Fwp%2Fv2%2Fcategories&post=18607"},{"taxonomy":"post_tag","embeddable":true,"href":"https:\/\/montreux-vieux.net\/index.php?rest_route=%2Fwp%2Fv2%2Ftags&post=18607"}],"curies":[{"name":"wp","href":"https:\/\/api.w.org\/{rel}","templated":true}]}}