{"id":18654,"date":"2026-01-19T00:05:00","date_gmt":"2026-01-18T23:05:00","guid":{"rendered":"http:\/\/montreux-vieux.net\/?p=18654"},"modified":"2026-01-05T14:34:12","modified_gmt":"2026-01-05T13:34:12","slug":"que-sest-il-passe-a-montreux-vieux-un-19-janvier-2","status":"publish","type":"post","link":"https:\/\/montreux-vieux.net\/?p=18654","title":{"rendered":"Que s\u2019est-il pass\u00e9 \u00e0 Montreux-Vieux un 19 janvier ?"},"content":{"rendered":"\n<div class=\"wp-block-media-text alignfull has-media-on-the-right is-stacked-on-mobile is-vertically-aligned-center is-style-default\" style=\"grid-template-columns:auto 56%\"><div class=\"wp-block-media-text__content\">\n<h2 class=\"wp-block-heading has-text-color\" style=\"color:#000000\"><strong>Une pens\u00e9e pour :<\/strong><\/h2>\n\n\n\n<ul class=\"wp-block-list\">\n<li>Monsieur M\u00e9n\u00e9tr\u00e9 Andr\u00e9  d\u00e9c\u00e9d\u00e9 le 19 janvier 2014<\/li>\n\n\n\n<li>Monsieur Coumar S\u00e9gar d\u00e9c\u00e9d\u00e9 le 19 janvier 2015<\/li>\n<\/ul>\n<\/div><figure class=\"wp-block-media-text__media\"><img loading=\"lazy\" decoding=\"async\" width=\"400\" height=\"290\" src=\"https:\/\/montreux-vieux.net\/montreux-vieux.net\/wp-content\/uploads\/2021\/01\/2536644_16f34-1.jpg\" alt=\"\" class=\"wp-image-22365 size-full\" srcset=\"https:\/\/montreux-vieux.net\/montreux-vieux.net\/wp-content\/uploads\/2021\/01\/2536644_16f34-1.jpg 400w, https:\/\/montreux-vieux.net\/montreux-vieux.net\/wp-content\/uploads\/2021\/01\/2536644_16f34-1-300x218.jpg 300w\" sizes=\"auto, (max-width: 400px) 100vw, 400px\" \/><\/figure><\/div>\n\n\n\n<hr class=\"wp-block-separator has-text-color has-blue-color has-css-opacity has-blue-background-color has-background is-style-wide\"\/>\n\n\n\n<h2 class=\"wp-block-heading has-text-align-center\" style=\"font-size:60px\"> Arriv\u00e9e du G\u00e9n\u00e9ral Marjoulet. <\/h2>\n\n\n\n<p> <strong>19 janvier 1918: &nbsp;<\/strong>A&nbsp;l&rsquo;Etat&nbsp;Major&nbsp;du&nbsp;33\u00e8&nbsp;Corps&nbsp;a&nbsp;succ\u00e9d\u00e9&nbsp;celui&nbsp;du&nbsp;14 \u00e8me &nbsp;avec&nbsp;le&nbsp;g\u00e9n\u00e9ral&nbsp;Marjoulet. <\/p>\n\n\n\n<p><strong>D\u00e9placement de l&rsquo;instituteur <\/strong><\/p>\n\n\n\n<p>Le conseil municipal d&rsquo;Ingersheim  a allou\u00e9 \u00e0 M. Week, instituteur en chef, d\u00e9plac\u00e9 do Montreux-Vieux \u00e0 Ingersheim, un suppl\u00e9ment annuel de 450 Mark.\u00a0Express,\u00a019 janv. 1907, p.\u00a02\/6<\/p>\n\n\n\n<p> <\/p>\n","protected":false},"excerpt":{"rendered":"<p>Arriv\u00e9e du G\u00e9n\u00e9ral Marjoulet. 19 janvier 1918: &nbsp;A&nbsp;l&rsquo;Etat&nbsp;Major&nbsp;du&nbsp;33\u00e8&nbsp;Corps&nbsp;a&nbsp;succ\u00e9d\u00e9&nbsp;celui&nbsp;du&nbsp;14 \u00e8me &nbsp;avec&nbsp;le&nbsp;g\u00e9n\u00e9ral&nbsp;Marjoulet. D\u00e9placement de l&rsquo;instituteur Le conseil municipal d&rsquo;Ingersheim a allou\u00e9 \u00e0 M. Week, instituteur en chef, d\u00e9plac\u00e9 do Montreux-Vieux \u00e0 Ingersheim, un suppl\u00e9ment annuel de 450 Mark.\u00a0Express,\u00a019 janv. 1907, p.\u00a02\/6<\/p>\n","protected":false},"author":1,"featured_media":0,"comment_status":"open","ping_status":"open","sticky":false,"template":"","format":"standard","meta":{"footnotes":""},"categories":[1],"tags":[],"class_list":["post-18654","post","type-post","status-publish","format-standard","hentry","category-liens"],"_links":{"self":[{"href":"https:\/\/montreux-vieux.net\/index.php?rest_route=\/wp\/v2\/posts\/18654","targetHints":{"allow":["GET"]}}],"collection":[{"href":"https:\/\/montreux-vieux.net\/index.php?rest_route=\/wp\/v2\/posts"}],"about":[{"href":"https:\/\/montreux-vieux.net\/index.php?rest_route=\/wp\/v2\/types\/post"}],"author":[{"embeddable":true,"href":"https:\/\/montreux-vieux.net\/index.php?rest_route=\/wp\/v2\/users\/1"}],"replies":[{"embeddable":true,"href":"https:\/\/montreux-vieux.net\/index.php?rest_route=%2Fwp%2Fv2%2Fcomments&post=18654"}],"version-history":[{"count":12,"href":"https:\/\/montreux-vieux.net\/index.php?rest_route=\/wp\/v2\/posts\/18654\/revisions"}],"predecessor-version":[{"id":28539,"href":"https:\/\/montreux-vieux.net\/index.php?rest_route=\/wp\/v2\/posts\/18654\/revisions\/28539"}],"wp:attachment":[{"href":"https:\/\/montreux-vieux.net\/index.php?rest_route=%2Fwp%2Fv2%2Fmedia&parent=18654"}],"wp:term":[{"taxonomy":"category","embeddable":true,"href":"https:\/\/montreux-vieux.net\/index.php?rest_route=%2Fwp%2Fv2%2Fcategories&post=18654"},{"taxonomy":"post_tag","embeddable":true,"href":"https:\/\/montreux-vieux.net\/index.php?rest_route=%2Fwp%2Fv2%2Ftags&post=18654"}],"curies":[{"name":"wp","href":"https:\/\/api.w.org\/{rel}","templated":true}]}}