{"id":18668,"date":"2026-01-20T00:05:00","date_gmt":"2026-01-19T23:05:00","guid":{"rendered":"http:\/\/montreux-vieux.net\/?p=18668"},"modified":"2026-01-05T14:19:15","modified_gmt":"2026-01-05T13:19:15","slug":"que-sest-il-passe-a-montreux-vieux-un-20-janvier-2","status":"publish","type":"post","link":"https:\/\/montreux-vieux.net\/?p=18668","title":{"rendered":"Que s\u2019est-il pass\u00e9 \u00e0 Montreux-Vieux un 20 janvier ?"},"content":{"rendered":"\n<div class=\"wp-block-media-text alignfull has-media-on-the-right is-stacked-on-mobile is-vertically-aligned-center is-style-default\" style=\"grid-template-columns:auto 56%\"><div class=\"wp-block-media-text__content\">\n<h2 class=\"wp-block-heading has-text-color\" style=\"color:#000000\"><strong>Une pens\u00e9e pour :<\/strong><\/h2>\n\n\n\n<ul class=\"wp-block-list\">\n<li>Walter Con\u00e9d\u00e9ra d\u00e9c\u00e9d\u00e9 le 20 janvier 2011<\/li>\n\n\n\n<li>Monsieur Saunier Robert, d\u00e9c\u00e9d\u00e9 le 20 janvier 2022<\/li>\n\n\n\n<li>Madame Muller n\u00e9e Fabbro Odette, d\u00e9c\u00e9d\u00e9e le 20 janvier 2023<\/li>\n<\/ul>\n<\/div><figure class=\"wp-block-media-text__media\"><img loading=\"lazy\" decoding=\"async\" width=\"400\" height=\"290\" src=\"https:\/\/montreux-vieux.net\/montreux-vieux.net\/wp-content\/uploads\/2021\/01\/2536644_16f34-1.jpg\" alt=\"\" class=\"wp-image-22365 size-full\" srcset=\"https:\/\/montreux-vieux.net\/montreux-vieux.net\/wp-content\/uploads\/2021\/01\/2536644_16f34-1.jpg 400w, https:\/\/montreux-vieux.net\/montreux-vieux.net\/wp-content\/uploads\/2021\/01\/2536644_16f34-1-300x218.jpg 300w\" sizes=\"auto, (max-width: 400px) 100vw, 400px\" \/><\/figure><\/div>\n\n\n\n<p><\/p>\n\n\n\n<hr class=\"wp-block-separator has-css-opacity is-style-wide\"\/>\n\n\n\n<h2 class=\"wp-block-heading has-text-align-center\" style=\"font-size:60px\"> Coupe de bois. <\/h2>\n\n\n\n<p><strong> 20 janvier 1835 : <\/strong>Le Conseil Municipal a d\u00e9cid\u00e9 que la totalit\u00e9 de la coupe de bois sera&nbsp; r\u00e9serv\u00e9e aux habitants de la commune compte tenu qu\u2019il est tr\u00e8s difficile de se procurer du bois.<\/p>\n\n\n\n<hr class=\"wp-block-separator has-text-color has-blue-color has-css-opacity has-blue-background-color has-background is-style-wide\"\/>\n\n\n\n<h2 class=\"wp-block-heading has-text-align-center\" style=\"font-size:60px\"> D\u00e9c\u00e8s de Walter Con\u00e9d\u00e9ra   <\/h2>\n\n\n\n<p> <strong>20 janvier &nbsp;2011&nbsp;<\/strong>  : D\u00e9c\u00e8s de Walter Con\u00e9d\u00e9ra  <\/p>\n\n\n<div class=\"wp-block-image\">\n<figure class=\"aligncenter size-large\"><img loading=\"lazy\" decoding=\"async\" width=\"272\" height=\"338\" src=\"http:\/\/montreux-vieux.net\/montreux-vieux.net\/wp-content\/uploads\/2020\/01\/zzzScreen-Shot-01-15-20-at-04.38-PM_InPixio.png\" alt=\"\" class=\"wp-image-18673\" srcset=\"https:\/\/montreux-vieux.net\/montreux-vieux.net\/wp-content\/uploads\/2020\/01\/zzzScreen-Shot-01-15-20-at-04.38-PM_InPixio.png 272w, https:\/\/montreux-vieux.net\/montreux-vieux.net\/wp-content\/uploads\/2020\/01\/zzzScreen-Shot-01-15-20-at-04.38-PM_InPixio-241x300.png 241w\" sizes=\"auto, (max-width: 272px) 100vw, 272px\" \/><figcaption class=\"wp-element-caption\"> Walter Con\u00e9d\u00e9ra <\/figcaption><\/figure>\n<\/div>\n\n\n<p>Walter Con\u00e9d\u00e9ra s&rsquo;en est all\u00e9, la \u00ab&nbsp;Cigale&nbsp;\u00bbne chante plus<\/p>\n\n\n\n<p> Derni\u00e8rement, c&rsquo;est toute la population montreusienne et les nombreux amis et fans du patron de la discoth\u00e8que la \u00ab&nbsp;Cigale&nbsp;\u00bb de Magny qui nous a quitt\u00e9s le 20 janvier 2011 apr\u00e8s un difficile combat contre la maladie. Ils \u00e9taient tous r\u00e9unis en l&rsquo;\u00e9glise Saint-Alban de Montreux-Vieux. Walter Con\u00e9d\u00e9ra a su rassembler une derni\u00e8re fois ses nombreux amis venus lui rendre un \u00e9mouvant hommage. Au travers de la musique qui a guid\u00e9 Watrer toute sa vie. Cette passion qui ne s&rsquo;est jamais \u00e9teinte \u00e9tait son moyen d&rsquo;expression. La c\u00e9r\u00e9monie, conc\u00e9l\u00e9br\u00e9e par Paul Schwindenhammer et Jean-Marie Guerner s&rsquo;est d\u00e9roul\u00e9e le 26 janvier 2011 autour de morceaux de musique de blues notamment et de nombreux t\u00e9moignages de sa famille et de ses amis. L&rsquo;assistance, de toutes g\u00e9n\u00e9rations confondues \u00e9tait en osmose avec le d\u00e9roul\u00e9 de la b\u00e9n\u00e9diction. Paul Schwindenhammer, cur\u00e9 de la paroisse a retrac\u00e9 le parcours de Walter, a su trouver les mots justes concernant ce personnage atypique en citant de La Fontaine&nbsp;: \u00ab&nbsp;la \u00ab&nbsp;Cigale&nbsp;\u00bb ayant chant\u00e9 tout l&rsquo;\u00e9t\u00e9 se trouva fort d\u00e9pourvue quand la bise fut venue. Walter est parti un jour de bise. <\/p>\n\n\n\n<h4 class=\"wp-block-heading\"> David Poinsatte <\/h4>\n\n\n\n<h1 class=\"wp-block-heading\"><strong>Le saviez-vous ?Grand incendie une ferme \u00e0 Chavannes-sur-l&rsquo;Etang<\/strong> .<\/h1>\n\n\n\n<h3 class=\"wp-block-heading\">Mardi apr\u00e8s-midi, un incendie s&rsquo;est d\u00e9clar\u00e9 au domicile de l&rsquo;agriculteur Lucien Tacquard, vraisemblablement dans les greniers \u00e0 fourrage. Le feu s&rsquo;est propag\u00e9 \u00e0 travers le ranch et a gagn\u00e9 toute la maison. En un instant, la grange a \u00e9t\u00e9 ravag\u00e9e par les flammes, et la maison et les \u00e9curies ont \u00e9t\u00e9 isol\u00e9es. Les pompiers de Chavannes et de Montreux-Vieux se sont pr\u00e9cipit\u00e9s pour lutter contre les \u00e9l\u00e9ments et ont pu les ma\u00eetriser apr\u00e8s plusieurs heures d&rsquo;efforts. Les d\u00e9g\u00e2ts s&rsquo;\u00e9l\u00e8vent \u00e0 environ quatre millions. Les b\u00e2timents ont br\u00fbl\u00e9 et d&rsquo;importantes r\u00e9serves d&rsquo;armes \u00e0 feu ainsi que de nombreuses machines agricoles ont \u00e9t\u00e9 d\u00e9truites.<\/h3>\n\n\n\n<h3 class=\"wp-block-heading\"><strong>Le R\u00e9publicain du Haut-Rhin<\/strong>, 20 janv. 1951, p. 9\/10<\/h3>\n\n\n\n<p><strong>Un loup<\/strong><\/p>\n\n\n\n<p>MONTREUX-CHATEAU ,20 janvier. \u2014 L\u2019apparition de l\u00e0 neige fait sortir les loups de Leurs repaires. Ils viennent jusque dans les Villages .effrayer les habitants.-. Derni\u00e8rement , Montreux-Ch\u00e2teau a eu la visite d\u2019un de ces carnassiers  venant de l\u00e0 fronti\u00e8re allemande, il s\u2019est, pr\u00e9sent\u00e9 en face de la maison. de M Cl\u00e9ment m\u00e9decin. M. G,.., employ\u00e9 \u00e0 la Compagnie de l\u2019Est, ayant eu la pr\u00e9sence d\u2019esprit de s\u2019armer d\u2019un fusil, rencontrais b\u00eate et fit feu sur elle; le loup, bless\u00e9 s\u2019est enfui dans la direction de Montreux-Vieux. Sources L&rsquo;Intransigeant,\u00a022 janv. 1892, p.\u00a03\/4<\/p>\n\n\n\n<p><\/p>\n","protected":false},"excerpt":{"rendered":"<p>Coupe de bois. 20 janvier 1835 : Le Conseil Municipal a d\u00e9cid\u00e9 que la totalit\u00e9 de la coupe de bois sera&nbsp; r\u00e9serv\u00e9e aux habitants de la commune compte tenu qu\u2019il est tr\u00e8s difficile de se procurer du bois. D\u00e9c\u00e8s de &hellip; <a href=\"https:\/\/montreux-vieux.net\/?p=18668\">Continuer la lecture <span class=\"meta-nav\">&rarr;<\/span><\/a><\/p>\n","protected":false},"author":1,"featured_media":0,"comment_status":"open","ping_status":"open","sticky":false,"template":"","format":"standard","meta":{"footnotes":""},"categories":[1],"tags":[],"class_list":["post-18668","post","type-post","status-publish","format-standard","hentry","category-liens"],"_links":{"self":[{"href":"https:\/\/montreux-vieux.net\/index.php?rest_route=\/wp\/v2\/posts\/18668","targetHints":{"allow":["GET"]}}],"collection":[{"href":"https:\/\/montreux-vieux.net\/index.php?rest_route=\/wp\/v2\/posts"}],"about":[{"href":"https:\/\/montreux-vieux.net\/index.php?rest_route=\/wp\/v2\/types\/post"}],"author":[{"embeddable":true,"href":"https:\/\/montreux-vieux.net\/index.php?rest_route=\/wp\/v2\/users\/1"}],"replies":[{"embeddable":true,"href":"https:\/\/montreux-vieux.net\/index.php?rest_route=%2Fwp%2Fv2%2Fcomments&post=18668"}],"version-history":[{"count":17,"href":"https:\/\/montreux-vieux.net\/index.php?rest_route=\/wp\/v2\/posts\/18668\/revisions"}],"predecessor-version":[{"id":28569,"href":"https:\/\/montreux-vieux.net\/index.php?rest_route=\/wp\/v2\/posts\/18668\/revisions\/28569"}],"wp:attachment":[{"href":"https:\/\/montreux-vieux.net\/index.php?rest_route=%2Fwp%2Fv2%2Fmedia&parent=18668"}],"wp:term":[{"taxonomy":"category","embeddable":true,"href":"https:\/\/montreux-vieux.net\/index.php?rest_route=%2Fwp%2Fv2%2Fcategories&post=18668"},{"taxonomy":"post_tag","embeddable":true,"href":"https:\/\/montreux-vieux.net\/index.php?rest_route=%2Fwp%2Fv2%2Ftags&post=18668"}],"curies":[{"name":"wp","href":"https:\/\/api.w.org\/{rel}","templated":true}]}}