{"id":18679,"date":"2026-01-21T00:03:00","date_gmt":"2026-01-20T23:03:00","guid":{"rendered":"http:\/\/montreux-vieux.net\/?p=18679"},"modified":"2025-12-21T13:29:00","modified_gmt":"2025-12-21T12:29:00","slug":"que-sest-il-passe-a-montreux-vieux-un-21-janvier-2","status":"publish","type":"post","link":"https:\/\/montreux-vieux.net\/?p=18679","title":{"rendered":"Que s\u2019est-il pass\u00e9 \u00e0 Montreux-Vieux un 21 janvier ?"},"content":{"rendered":"\n<h2 class=\"has-text-align-center wp-block-heading\" style=\"font-size:60px\"> Remplacement du Garde Champ\u00eatre. <\/h2>\n\n\n\n<hr class=\"wp-block-separator has-css-opacity is-style-wide\"\/>\n\n\n\n<p><strong>&nbsp;21\/1\/1822  :<\/strong> Patat Jean Pierre Modeste remplace Patat&nbsp; Fran\u00e7ois Xavier d\u00e9missionnaire&nbsp;en tant que garde champ\u00eatre<\/p>\n\n\n\n<hr class=\"wp-block-separator has-text-color has-blue-color has-css-opacity has-blue-background-color has-background is-style-wide\"\/>\n\n\n\n<h2 class=\"has-text-align-center wp-block-heading\" style=\"font-size:60px\">  Affaire d\u00e9lictueuse.  <\/h2>\n\n\n\n<p><strong>21 janvier 1920<\/strong> Les travaux du viaduc entre Dannemarie et Retzwiller, qui avaient \u00e9t\u00e9 retard\u00e9s par suite de la &nbsp;crise du ciment, seront enfin termin\u00e9s ce mois. Il n est pas trop t\u00f4t que viaduc soit rendu \u00e0 la circulation et que dol\u00e9ances des voyageurs prennent une fin. Le viaduc entre Dannemarie et Ballersdorf &nbsp;est &nbsp;termin\u00e9 depuis quelque temps.<\/p>\n\n\n\n<p>Il n\u2019est, bruit ici que d\u2019une affaire d\u00e9lictueuse dans Laquelle- seraient compromises plusieurs personnes, entre autre un ancien maire de Montreux-Vieux. On a d\u00e9couvert des documents qui prouveraient que ces personnes se sont livr\u00e9es \u00e0 des actes criminels sur le Territoire de Belfort en 1914, au d\u00e9but des hostilit\u00e9s. L instruction n\u2019est pas close.<\/p>\n\n\n\n<p>Sources&nbsp;: L\u2019Express de Mulhouse 21 janvier 1920<\/p>\n\n\n\n<hr class=\"wp-block-separator has-text-color has-blue-color has-css-opacity has-blue-background-color has-background is-style-wide\"\/>\n\n\n\n<h2 class=\"has-text-align-center wp-block-heading\" style=\"font-size:60px\">  Construction d&rsquo;un monument aux morts.   <\/h2>\n\n\n\n<p><strong> 21 janvier 1922  : <\/strong>Lors de la s\u00e9ance du 21 janvier 1922 Monsieur Baumann a demand\u00e9 au conseil municipal de voter un cr\u00e9dit de 1&nbsp;000 F pour les travaux de construction du monument aux morts  mais l\u2019assembl\u00e9e d\u00e9lib\u00e9rante a refus\u00e9 par sept voix contre, une voix pour et une voix sans valeur<\/p>\n\n\n\n<p class=\"has-text-align-center\">Les Monuments aux morts en Alsace<\/p>\n\n\n\n<p> Et quand on y r\u00e9fl\u00e9chit deux minutes, \u00e7a para\u00eet logique. Dans le reste de la France, les monuments aux morts affichent g\u00e9n\u00e9ralement l\u2019inscription \u00ab Morts pour la France \u00bb. Le probl\u00e8me c\u2019est que pendant la Premi\u00e8re Guerre mondiale, l\u2019Alsace-Moselle \u00e9tait allemande, et ce depuis plusieurs d\u00e9cennies. Du coup, pendant la guerre, ses habitants ne sont pas du tout \u00ab morts pour la France \u00bb mais\u2026 pour l\u2019Allemagne. Pour pallier ce probl\u00e8me, les monuments alsaciens et mosellans affichent des inscriptions neutres telles que \u00ab \u00c0 nos morts \u00bb ou \u00ab La ville de \u2026 \u00e0 ses enfants \u00bb. <\/p>\n\n\n\n<p>Plus d&rsquo;infos \u00e0 l&rsquo;adresse :  <a href=\"http:\/\/montreux-vieux.net\/?page_id=9832\" target=\"_blank\" rel=\"noreferrer noopener\">http:\/\/montreux-vieux.net\/?page_id=9832<\/a> <\/p>\n\n\n<div class=\"wp-block-image\">\n<figure class=\"aligncenter\"><img decoding=\"async\" src=\"http:\/\/montreux-vieux.net\/montreux-vieux.net\/wp-content\/uploads\/2017\/10\/Montreux-Vieux-7.jpg\" alt=\"L\u2019attribut alt de cette image est vide, son nom de fichier est Montreux-Vieux-7.jpg.\"\/><\/figure>\n<\/div>\n\n\n<hr class=\"wp-block-separator has-text-color has-blue-color has-css-opacity has-blue-background-color has-background is-style-wide\"\/>\n\n\n\n<h2 class=\"has-text-align-center wp-block-heading\" style=\"font-size:60px\">Automobile abandonn\u00e9e.  <\/h2>\n\n\n\n<p> <strong>21 janvier 1933<\/strong> Automobile abandonn\u00e9e \u2014 Mardi matin une automobile marque Mathis immatricul\u00e9e 3989 P-B-l avec une plaque d\u2019identit\u00e9 au nom de M. Maggi entrepreneur \u00e0 Montreux-Vieux, se trouvait abandonn\u00e9e sur la Place de la Gare. Les phares avaient \u00e9t\u00e9 \u00e9clair\u00e9s jusqu\u2019\u00e0 une heure du matin. Sur la banquette avant il y avait un pardessus.<\/p>\n\n\n\n<p>Le commissaire sp\u00e9cial a t\u00e9l\u00e9phon\u00e9 au propri\u00e9taire mais mardi soir il n&rsquo;avait aucune r\u00e9ponse. Il a \u00e9t\u00e9 proc\u00e9d\u00e9 par ses soins aux constatations d\u2019usage.<\/p>\n\n\n\n<p>Sources&nbsp;: Le R\u00e9publicain de Belfort 21 janvier 1933<\/p>\n\n\n\n<p>P. V. Nous avons signal\u00e9 qu\u2019une&nbsp; automobile appartenant \u00e0 M. Maggi entrepreneur \u00e0 Montreux-Vieux \u00e9tait abandonn\u00e9e devant les escaliers d\u2019entr\u00e9e de notre gare. De l\u2019enqu\u00eate ouverte il r\u00e9sulte que le propri\u00e9taire \u00e9tait arriv\u00e9 en gare juste \u00e0 temps pour prendre le train et avait d\u00fb laisser sa voiture sans la remiser. Pour stationnement sans n\u00e9cessit\u00e9 en ce lieu il a \u00e9t\u00e9 gratifi\u00e9 d\u2019un proc\u00e8s-verbal.<\/p>\n\n\n\n<p>Sources&nbsp;: Le R\u00e9publicain de Belfort 25 juillet 1933<\/p>\n","protected":false},"excerpt":{"rendered":"<p>Remplacement du Garde Champ\u00eatre. &nbsp;21\/1\/1822 : Patat Jean Pierre Modeste remplace Patat&nbsp; Fran\u00e7ois Xavier d\u00e9missionnaire&nbsp;en tant que garde champ\u00eatre Affaire d\u00e9lictueuse. 21 janvier 1920 Les travaux du viaduc entre Dannemarie et Retzwiller, qui avaient \u00e9t\u00e9 retard\u00e9s par suite de la &hellip; <a href=\"https:\/\/montreux-vieux.net\/?p=18679\">Continuer la lecture <span class=\"meta-nav\">&rarr;<\/span><\/a><\/p>\n","protected":false},"author":1,"featured_media":0,"comment_status":"open","ping_status":"open","sticky":false,"template":"","format":"standard","meta":{"footnotes":""},"categories":[1],"tags":[],"class_list":["post-18679","post","type-post","status-publish","format-standard","hentry","category-liens"],"_links":{"self":[{"href":"https:\/\/montreux-vieux.net\/index.php?rest_route=\/wp\/v2\/posts\/18679","targetHints":{"allow":["GET"]}}],"collection":[{"href":"https:\/\/montreux-vieux.net\/index.php?rest_route=\/wp\/v2\/posts"}],"about":[{"href":"https:\/\/montreux-vieux.net\/index.php?rest_route=\/wp\/v2\/types\/post"}],"author":[{"embeddable":true,"href":"https:\/\/montreux-vieux.net\/index.php?rest_route=\/wp\/v2\/users\/1"}],"replies":[{"embeddable":true,"href":"https:\/\/montreux-vieux.net\/index.php?rest_route=%2Fwp%2Fv2%2Fcomments&post=18679"}],"version-history":[{"count":9,"href":"https:\/\/montreux-vieux.net\/index.php?rest_route=\/wp\/v2\/posts\/18679\/revisions"}],"predecessor-version":[{"id":25683,"href":"https:\/\/montreux-vieux.net\/index.php?rest_route=\/wp\/v2\/posts\/18679\/revisions\/25683"}],"wp:attachment":[{"href":"https:\/\/montreux-vieux.net\/index.php?rest_route=%2Fwp%2Fv2%2Fmedia&parent=18679"}],"wp:term":[{"taxonomy":"category","embeddable":true,"href":"https:\/\/montreux-vieux.net\/index.php?rest_route=%2Fwp%2Fv2%2Fcategories&post=18679"},{"taxonomy":"post_tag","embeddable":true,"href":"https:\/\/montreux-vieux.net\/index.php?rest_route=%2Fwp%2Fv2%2Ftags&post=18679"}],"curies":[{"name":"wp","href":"https:\/\/api.w.org\/{rel}","templated":true}]}}