{"id":18688,"date":"2026-01-22T00:05:00","date_gmt":"2026-01-21T23:05:00","guid":{"rendered":"http:\/\/montreux-vieux.net\/?p=18688"},"modified":"2025-12-21T13:34:17","modified_gmt":"2025-12-21T12:34:17","slug":"que-sest-il-passe-a-montreux-vieux-un-22-janvier-2","status":"publish","type":"post","link":"https:\/\/montreux-vieux.net\/?p=18688","title":{"rendered":"Que s\u2019est-il pass\u00e9 \u00e0 Montreux-Vieux un 22 janvier ?"},"content":{"rendered":"\n<div class=\"wp-block-media-text alignfull has-media-on-the-right is-stacked-on-mobile is-vertically-aligned-center is-style-default\" style=\"grid-template-columns:auto 56%\"><div class=\"wp-block-media-text__content\">\n<h2 class=\"has-text-color wp-block-heading\" style=\"color:#000000\"><strong>Une pens\u00e9e pour : <\/strong><\/h2>\n\n\n\n<ul class=\"wp-block-list\">\n<li> M. Jean Desard d\u00e9c\u00e9d\u00e9 le 22 janvier 2007 <\/li>\n\n\n\n<li>Th\u00e9r\u00e8se Patron d\u00e9c\u00e9d\u00e9e le 22 janvier 2008<\/li>\n\n\n\n<li>Monsieur Casan Gasco Julio d\u00e9c\u00e9d\u00e9 le 22 janvier 2021<\/li>\n\n\n\n<li>Colonel Jean Kieffer d\u00e9c\u00e9d\u00e9 le 22 janvier 2021<\/li>\n<\/ul>\n\n\n\n<p><\/p>\n<\/div><figure class=\"wp-block-media-text__media\"><img loading=\"lazy\" decoding=\"async\" width=\"400\" height=\"290\" src=\"https:\/\/montreux-vieux.net\/montreux-vieux.net\/wp-content\/uploads\/2021\/01\/2536644_16f34-1.jpg\" alt=\"\" class=\"wp-image-22365 size-full\" srcset=\"https:\/\/montreux-vieux.net\/montreux-vieux.net\/wp-content\/uploads\/2021\/01\/2536644_16f34-1.jpg 400w, https:\/\/montreux-vieux.net\/montreux-vieux.net\/wp-content\/uploads\/2021\/01\/2536644_16f34-1-300x218.jpg 300w\" sizes=\"auto, (max-width: 400px) 100vw, 400px\" \/><\/figure><\/div>\n\n\n\n<hr class=\"wp-block-separator has-css-opacity is-style-wide\"\/>\n\n\n\n<h2 class=\"has-text-align-center wp-block-heading\" style=\"font-size:60px\"> Chauffage des trains. <\/h2>\n\n\n\n<p><strong>22 janvier 1901<\/strong> A la suite des r\u00e9clamations au sujet du chauffage insuffisant des voitures des trains de Montreux-Vieux, par les chaufferettes, on a form\u00e9 ces trains de voitures chauff\u00e9es \u00e0 la vapeur, mais en partie seulement. Il serait \u00e0 d\u00e9sirer que, par les gros froids du moins, toutes les voitures des trains Je Montreux Vieux fussent chauff\u00e9es \u00e0 la vapeur.<\/p>\n\n\n\n<p>Sources&nbsp;: Express 22 janvier 1901<\/p>\n\n\n\n<p><\/p>\n","protected":false},"excerpt":{"rendered":"<p>Chauffage des trains. 22 janvier 1901 A la suite des r\u00e9clamations au sujet du chauffage insuffisant des voitures des trains de Montreux-Vieux, par les chaufferettes, on a form\u00e9 ces trains de voitures chauff\u00e9es \u00e0 la vapeur, mais en partie seulement. &hellip; <a href=\"https:\/\/montreux-vieux.net\/?p=18688\">Continuer la lecture <span class=\"meta-nav\">&rarr;<\/span><\/a><\/p>\n","protected":false},"author":1,"featured_media":0,"comment_status":"open","ping_status":"open","sticky":false,"template":"","format":"standard","meta":{"footnotes":""},"categories":[1],"tags":[],"class_list":["post-18688","post","type-post","status-publish","format-standard","hentry","category-liens"],"_links":{"self":[{"href":"https:\/\/montreux-vieux.net\/index.php?rest_route=\/wp\/v2\/posts\/18688","targetHints":{"allow":["GET"]}}],"collection":[{"href":"https:\/\/montreux-vieux.net\/index.php?rest_route=\/wp\/v2\/posts"}],"about":[{"href":"https:\/\/montreux-vieux.net\/index.php?rest_route=\/wp\/v2\/types\/post"}],"author":[{"embeddable":true,"href":"https:\/\/montreux-vieux.net\/index.php?rest_route=\/wp\/v2\/users\/1"}],"replies":[{"embeddable":true,"href":"https:\/\/montreux-vieux.net\/index.php?rest_route=%2Fwp%2Fv2%2Fcomments&post=18688"}],"version-history":[{"count":10,"href":"https:\/\/montreux-vieux.net\/index.php?rest_route=\/wp\/v2\/posts\/18688\/revisions"}],"predecessor-version":[{"id":25684,"href":"https:\/\/montreux-vieux.net\/index.php?rest_route=\/wp\/v2\/posts\/18688\/revisions\/25684"}],"wp:attachment":[{"href":"https:\/\/montreux-vieux.net\/index.php?rest_route=%2Fwp%2Fv2%2Fmedia&parent=18688"}],"wp:term":[{"taxonomy":"category","embeddable":true,"href":"https:\/\/montreux-vieux.net\/index.php?rest_route=%2Fwp%2Fv2%2Fcategories&post=18688"},{"taxonomy":"post_tag","embeddable":true,"href":"https:\/\/montreux-vieux.net\/index.php?rest_route=%2Fwp%2Fv2%2Ftags&post=18688"}],"curies":[{"name":"wp","href":"https:\/\/api.w.org\/{rel}","templated":true}]}}