{"id":18717,"date":"2026-01-26T00:05:00","date_gmt":"2026-01-25T23:05:00","guid":{"rendered":"http:\/\/montreux-vieux.net\/?p=18717"},"modified":"2025-12-21T13:36:31","modified_gmt":"2025-12-21T12:36:31","slug":"que-sest-il-passe-a-montreux-vieux-un-26-janvier-2","status":"publish","type":"post","link":"https:\/\/montreux-vieux.net\/?p=18717","title":{"rendered":"Que s\u2019est-il pass\u00e9 \u00e0 Montreux-Vieux un 26 janvier ?"},"content":{"rendered":"\n<div class=\"wp-block-media-text alignfull has-media-on-the-right is-stacked-on-mobile is-vertically-aligned-center is-style-default\" style=\"grid-template-columns:auto 56%\"><div class=\"wp-block-media-text__content\">\n<h2 class=\"has-text-color wp-block-heading\" style=\"color:#000000\"><strong>Une pens\u00e9e pour : <\/strong><\/h2>\n\n\n\n<ul class=\"wp-block-list\">\n<li> Monsieur&nbsp;Sannicolo Alain  d\u00e9c\u00e9d\u00e9 le 26 janvier 2010<\/li>\n<\/ul>\n\n\n\n<p><\/p>\n<\/div><figure class=\"wp-block-media-text__media\"><img loading=\"lazy\" decoding=\"async\" width=\"400\" height=\"290\" src=\"https:\/\/montreux-vieux.net\/montreux-vieux.net\/wp-content\/uploads\/2021\/01\/2536644_16f34-1.jpg\" alt=\"\" class=\"wp-image-22365 size-full\" srcset=\"https:\/\/montreux-vieux.net\/montreux-vieux.net\/wp-content\/uploads\/2021\/01\/2536644_16f34-1.jpg 400w, https:\/\/montreux-vieux.net\/montreux-vieux.net\/wp-content\/uploads\/2021\/01\/2536644_16f34-1-300x218.jpg 300w\" sizes=\"auto, (max-width: 400px) 100vw, 400px\" \/><\/figure><\/div>\n\n\n\n<hr class=\"wp-block-separator has-css-opacity is-style-wide\"\/>\n\n\n\n<h2 class=\"has-text-align-center wp-block-heading\" style=\"font-size:60px\"> Reconduction du Lieutenant Kessel. <\/h2>\n\n\n\n<p><strong>26 janvier 1895:<\/strong> Deux officiers badois sont venus recevoir, \u00e0&nbsp;<strong>Montreux-Vieux,<\/strong>&nbsp;le lieutenant de Kessel, que la gendarmerie fran\u00e7aise a reconduit jusqu\u2019\u00e0 la fronti\u00e8re. Le&nbsp;lieutenant de Kessel avait \u00e9t\u00e9, comme on sait, arr\u00eat\u00e9 \u00e0 Paris en m\u00eame temps que le lieutenant de&nbsp;Sch\u0153ncbeck, condamn\u00e9 r\u00e9cemment pour espionnage. Officier des grenadiers de la garde badoise,&nbsp;de Kessel a \u00e0 r\u00e9pondre devant la juridiction militaire prussienne d\u2019absence ill\u00e9gale de son corps, ou&nbsp; m\u00eame, para\u00eet-il, de d\u00e9sertion.<\/p>\n\n\n\n<hr class=\"wp-block-separator has-css-opacity is-style-wide\"\/>\n\n\n\n<h2 class=\"has-text-align-center wp-block-heading\" style=\"font-size:60px\">  L&rsquo;Administration des cultes. <\/h2>\n\n\n\n<p><strong>26 janvier 1909 <\/strong>L&rsquo;Administration des cultes : budget 1909-1910<a href=\"http:\/\/montreux-vieux.net\/?page_id=20145\" target=\"_blank\" rel=\"noreferrer noopener\"> http:\/\/montreux-vieux.net\/?page_id=20145<\/a><\/p>\n\n\n\n<p><\/p>\n","protected":false},"excerpt":{"rendered":"<p>Reconduction du Lieutenant Kessel. 26 janvier 1895: Deux officiers badois sont venus recevoir, \u00e0&nbsp;Montreux-Vieux,&nbsp;le lieutenant de Kessel, que la gendarmerie fran\u00e7aise a reconduit jusqu\u2019\u00e0 la fronti\u00e8re. Le&nbsp;lieutenant de Kessel avait \u00e9t\u00e9, comme on sait, arr\u00eat\u00e9 \u00e0 Paris en m\u00eame temps &hellip; <a href=\"https:\/\/montreux-vieux.net\/?p=18717\">Continuer la lecture <span class=\"meta-nav\">&rarr;<\/span><\/a><\/p>\n","protected":false},"author":1,"featured_media":0,"comment_status":"open","ping_status":"open","sticky":false,"template":"","format":"standard","meta":{"footnotes":""},"categories":[1],"tags":[],"class_list":["post-18717","post","type-post","status-publish","format-standard","hentry","category-liens"],"_links":{"self":[{"href":"https:\/\/montreux-vieux.net\/index.php?rest_route=\/wp\/v2\/posts\/18717","targetHints":{"allow":["GET"]}}],"collection":[{"href":"https:\/\/montreux-vieux.net\/index.php?rest_route=\/wp\/v2\/posts"}],"about":[{"href":"https:\/\/montreux-vieux.net\/index.php?rest_route=\/wp\/v2\/types\/post"}],"author":[{"embeddable":true,"href":"https:\/\/montreux-vieux.net\/index.php?rest_route=\/wp\/v2\/users\/1"}],"replies":[{"embeddable":true,"href":"https:\/\/montreux-vieux.net\/index.php?rest_route=%2Fwp%2Fv2%2Fcomments&post=18717"}],"version-history":[{"count":6,"href":"https:\/\/montreux-vieux.net\/index.php?rest_route=\/wp\/v2\/posts\/18717\/revisions"}],"predecessor-version":[{"id":25691,"href":"https:\/\/montreux-vieux.net\/index.php?rest_route=\/wp\/v2\/posts\/18717\/revisions\/25691"}],"wp:attachment":[{"href":"https:\/\/montreux-vieux.net\/index.php?rest_route=%2Fwp%2Fv2%2Fmedia&parent=18717"}],"wp:term":[{"taxonomy":"category","embeddable":true,"href":"https:\/\/montreux-vieux.net\/index.php?rest_route=%2Fwp%2Fv2%2Fcategories&post=18717"},{"taxonomy":"post_tag","embeddable":true,"href":"https:\/\/montreux-vieux.net\/index.php?rest_route=%2Fwp%2Fv2%2Ftags&post=18717"}],"curies":[{"name":"wp","href":"https:\/\/api.w.org\/{rel}","templated":true}]}}