{"id":18724,"date":"2026-01-27T00:05:00","date_gmt":"2026-01-26T23:05:00","guid":{"rendered":"http:\/\/montreux-vieux.net\/?p=18724"},"modified":"2025-12-21T13:37:01","modified_gmt":"2025-12-21T12:37:01","slug":"que-sest-il-passe-a-montreux-vieux-un-27-janvier-2","status":"publish","type":"post","link":"https:\/\/montreux-vieux.net\/?p=18724","title":{"rendered":"Que s\u2019est-il pass\u00e9 \u00e0 Montreux-Vieux un 27 janvier ?"},"content":{"rendered":"\n<div class=\"wp-block-media-text alignfull has-media-on-the-right is-stacked-on-mobile is-vertically-aligned-center is-style-default\" style=\"grid-template-columns:auto 56%\"><div class=\"wp-block-media-text__content\">\n<h2 class=\"has-text-color wp-block-heading\" id=\"une-pensee-pour\" style=\"color:#000000\"><strong>Une pens\u00e9e pour : <\/strong><\/h2>\n\n\n\n<ul class=\"wp-block-list\">\n<li>Madame   Duffaud C\u00e9cile   d\u00e9c\u00e9d\u00e9e le 27 janvier 2010<\/li>\n<\/ul>\n<\/div><figure class=\"wp-block-media-text__media\"><img loading=\"lazy\" decoding=\"async\" width=\"400\" height=\"290\" src=\"https:\/\/montreux-vieux.net\/montreux-vieux.net\/wp-content\/uploads\/2021\/01\/2536644_16f34-1.jpg\" alt=\"\" class=\"wp-image-22365 size-full\" srcset=\"https:\/\/montreux-vieux.net\/montreux-vieux.net\/wp-content\/uploads\/2021\/01\/2536644_16f34-1.jpg 400w, https:\/\/montreux-vieux.net\/montreux-vieux.net\/wp-content\/uploads\/2021\/01\/2536644_16f34-1-300x218.jpg 300w\" sizes=\"auto, (max-width: 400px) 100vw, 400px\" \/><\/figure><\/div>\n\n\n\n<hr class=\"wp-block-separator has-text-color has-blue-color has-css-opacity has-blue-background-color has-background is-style-wide\"\/>\n\n\n\n<h2 class=\"has-text-align-center wp-block-heading\" id=\"affaire-kessel\" style=\"font-size:60px\"> Affaire Kessel. <\/h2>\n\n\n\n<p><strong>27 janvier 1895<\/strong> Deux officiers badois sont venus recevoir, \u00e0 Montreux-Vieux, le lieutenant de Kessel, que la gendarmerie fran\u00e7aise a reconduit jusqu&rsquo;\u00e0 la fronti\u00e8re. Le lieutenant de Kessel avait \u00e9t\u00e9, comme on sait, arr\u00eat\u00e9 \u00e0 Paris en m\u00eame temps que le lieutenant de Sch\u0153nbeck, condamn\u00e9 r\u00e9cemment pour espionnage. Il est officier des grenadiers de la barde badoise.<\/p>\n\n\n\n<p>Sources&nbsp;: La Rappel 27 janvier 1895<\/p>\n\n\n\n<hr class=\"wp-block-separator has-text-color has-blue-color has-css-opacity has-blue-background-color has-background is-style-wide\"\/>\n\n\n\n<h2 class=\"has-text-align-center wp-block-heading\" id=\"anniversaire-de-l-empereur-kaisergeburtstag\" style=\"font-size:60px\"> Anniversaire de l&rsquo;Empereur.  <\/h2>\n\n\n\n<h2 class=\"has-text-align-center wp-block-heading\" id=\"anniversaire-de-l-empereur-kaisergeburtstag\" style=\"font-size:60px\">\u00ab Kaisergeburtstag \u00bb<\/h2>\n\n\n\n<hr class=\"wp-block-separator has-css-opacity is-style-wide\"\/>\n\n\n\n<p><strong>27 janvier 1913<\/strong> Le service des marchandises, le jour de naissance de S. M. l\u2019empereur, le 27 janvier prochain, sera restreint comme tous les ans. Les exp\u00e9ditions ne pourront \u00eatre re\u00e7ues que jusqu\u2019\u00e0 5 h. du soir aux bureaux de grande&nbsp; et petite vitesse Mulhouse-ville, Gare et Nord., de m\u00eame qu\u2019\u00e0 Montreux-Vieux. Le service des voies de d\u00e9chargement sp\u00e9ciales ne subira pas de modifications<\/p>\n\n\n\n<p>Sources&nbsp;: Express 20 janvier 1913<\/p>\n\n\n\n<hr class=\"wp-block-separator has-css-opacity is-style-wide\"\/>\n\n\n\n<h2 class=\"has-text-align-center wp-block-heading\" id=\"faconnage-de-bois\" style=\"font-size:60px\">   Fa\u00e7onnage de bois. <\/h2>\n\n\n\n<p><strong>27 janvier 1830<\/strong> : un trait\u00e9 fut sign\u00e9 pour le r\u00e8glement des frais de fa\u00e7onnage de bois entre les b\u00fbcherons, la commune et le garde g\u00e9n\u00e9ral. Le 27 janvier 1830 les frais de fa\u00e7onnage des bois s\u2019effectuaient au moyen d\u2019un trait\u00e9 avec les b\u00fbcherons, la commune et le garde g\u00e9n\u00e9ral.<\/p>\n\n\n\n<p><\/p>\n","protected":false},"excerpt":{"rendered":"<p>Affaire Kessel. 27 janvier 1895 Deux officiers badois sont venus recevoir, \u00e0 Montreux-Vieux, le lieutenant de Kessel, que la gendarmerie fran\u00e7aise a reconduit jusqu&rsquo;\u00e0 la fronti\u00e8re. Le lieutenant de Kessel avait \u00e9t\u00e9, comme on sait, arr\u00eat\u00e9 \u00e0 Paris en m\u00eame &hellip; <a href=\"https:\/\/montreux-vieux.net\/?p=18724\">Continuer la lecture <span class=\"meta-nav\">&rarr;<\/span><\/a><\/p>\n","protected":false},"author":1,"featured_media":0,"comment_status":"open","ping_status":"open","sticky":false,"template":"","format":"standard","meta":{"footnotes":""},"categories":[1],"tags":[],"class_list":["post-18724","post","type-post","status-publish","format-standard","hentry","category-liens"],"_links":{"self":[{"href":"https:\/\/montreux-vieux.net\/index.php?rest_route=\/wp\/v2\/posts\/18724","targetHints":{"allow":["GET"]}}],"collection":[{"href":"https:\/\/montreux-vieux.net\/index.php?rest_route=\/wp\/v2\/posts"}],"about":[{"href":"https:\/\/montreux-vieux.net\/index.php?rest_route=\/wp\/v2\/types\/post"}],"author":[{"embeddable":true,"href":"https:\/\/montreux-vieux.net\/index.php?rest_route=\/wp\/v2\/users\/1"}],"replies":[{"embeddable":true,"href":"https:\/\/montreux-vieux.net\/index.php?rest_route=%2Fwp%2Fv2%2Fcomments&post=18724"}],"version-history":[{"count":7,"href":"https:\/\/montreux-vieux.net\/index.php?rest_route=\/wp\/v2\/posts\/18724\/revisions"}],"predecessor-version":[{"id":25692,"href":"https:\/\/montreux-vieux.net\/index.php?rest_route=\/wp\/v2\/posts\/18724\/revisions\/25692"}],"wp:attachment":[{"href":"https:\/\/montreux-vieux.net\/index.php?rest_route=%2Fwp%2Fv2%2Fmedia&parent=18724"}],"wp:term":[{"taxonomy":"category","embeddable":true,"href":"https:\/\/montreux-vieux.net\/index.php?rest_route=%2Fwp%2Fv2%2Fcategories&post=18724"},{"taxonomy":"post_tag","embeddable":true,"href":"https:\/\/montreux-vieux.net\/index.php?rest_route=%2Fwp%2Fv2%2Ftags&post=18724"}],"curies":[{"name":"wp","href":"https:\/\/api.w.org\/{rel}","templated":true}]}}