{"id":19001,"date":"2026-03-12T00:05:00","date_gmt":"2026-03-11T23:05:00","guid":{"rendered":"http:\/\/montreux-vieux.net\/?p=19001"},"modified":"2026-01-03T14:45:31","modified_gmt":"2026-01-03T13:45:31","slug":"que-sest-il-passe-a-montreux-vieux-un-12-mars","status":"publish","type":"post","link":"https:\/\/montreux-vieux.net\/?p=19001","title":{"rendered":"Que s&rsquo;est-il pass\u00e9 \u00e0 Montreux-Vieux un 12 mars ?"},"content":{"rendered":"\n<p>D\u00e9c\u00e8s de Madame Fran\u00e7oise Mengis n\u00e9e Barina (Brentel) le 12 mars 2024  <\/p>\n\n\n\n<figure class=\"wp-block-image size-full\"><img loading=\"lazy\" decoding=\"async\" width=\"400\" height=\"290\" src=\"https:\/\/montreux-vieux.net\/montreux-vieux.net\/wp-content\/uploads\/2025\/03\/image-1.png\" alt=\"\" class=\"wp-image-26735\" srcset=\"https:\/\/montreux-vieux.net\/montreux-vieux.net\/wp-content\/uploads\/2025\/03\/image-1.png 400w, https:\/\/montreux-vieux.net\/montreux-vieux.net\/wp-content\/uploads\/2025\/03\/image-1-300x218.png 300w\" sizes=\"auto, (max-width: 400px) 100vw, 400px\" \/><\/figure>\n\n\n\n<h2 class=\"wp-block-heading has-text-align-center\" id=\"un-week-end-d-evasion-1\" style=\"font-size:60px\">LES MAN\u0152UVRES- D\u2019AUTOMNE.<\/h2>\n\n\n\n<p><strong>12 mars 1912<\/strong>&nbsp;<\/p>\n\n\n\n<p>&nbsp;LES MAN\u0152UVRES- D\u2019AUTOMNE du XlV \u00e8me corps d&rsquo;arm\u00e9e auront lieu cette ann\u00e9e vers la fin du mois d\u2019ao\u00fbt. Elles dureront 15 jours, dit la \u00ab Neue Mulh.-Ztg \u00bb. La 29e division \u00e0 laquelle appartient la garnison de Mulhouse, manoeuvra dans la r\u00e9gion qui s\u2019\u00e9tend au sud une ligne tir\u00e9e de Landser, Illfurth, Dannemarie et Montreux-Vieux ; la 39e division (Colmar, dans la r\u00e9gion au nord de cette ligne, jusqu&rsquo;\u00e0 Guebwiller. Les man\u0153uvres&nbsp; de ces divisions seront termin\u00e9es le 13 septembre.<\/p>\n\n\n\n<p>Les exercices de r\u00e9giment et de brigade de a garnison de Mulhouse auront lieu sur le terrain des manoeuvres.<\/p>\n\n\n\n<p>Sources&nbsp;: Express 12 mars 1912<\/p>\n\n\n\n<hr class=\"wp-block-separator has-text-color has-blue-color has-css-opacity has-blue-background-color has-background is-style-wide\"\/>\n\n\n\n<h2 class=\"wp-block-heading has-text-align-center\" id=\"un-week-end-d-evasion-2\" style=\"font-size:60px\">Parution du tome II \u00ab\u00a0Dannemarie \u00e0 travers les \u00e2ges\u00a0\u00bb.<\/h2>\n\n\n\n<p><strong>12 mars 2016&nbsp;<\/strong>Parution du tome II \u00ab\u00a0Dannemarie \u00e0 travers les \u00e2ges\u00a0\u00bb<\/p>\n\n\n\n<h3 class=\"wp-block-heading\" id=\"ecrit-par-laure-stefanczin-et-jean-michel-pfirsch-le-livre-dannemarie-a-travers-les-ages-tome-ii-vient-de-paraitre-le-livre-fera-le-bonheur-de-tous-les-passionnes-de-l-histoire-de-notre-region-histoire-avec-un-petit-ou-un-grand-h\">\u00c9crit par Laure Stefanczin et Jean-Michel Pfirsch le livre \u00ab\u00a0Dannemarie \u00e0 travers les \u00e2ges\u00a0\u00bb &#8211; tome II vient de para\u00eetre. Le livre fera le bonheur de tous les passionn\u00e9s de l&rsquo;histoire de notre r\u00e9gion, \u00ab\u00a0histoire\u00a0\u00bb avec un petit ou un grand H !<\/h3>\n\n\n\n<h3 class=\"wp-block-heading\" id=\"que-savons-nous-du-passe-de-nos-petites-villes-et-des-villages-du-sundgau-pas-grand-chose-ou-presque-rien-ou-tout-simplement-est-ce-que-la-curiosite-pour-les-petites-et-grandes-histoires-des-habitants-de-notre-region-est-il-minime-ou-peut-etre-inexistante-et-pourtant-quelle-richesse-dans-la-vie-de-tous-ceux-qui-nous-ont-precedes-leur-vie-quotidienne-etait-bien-plus-difficile-que-la-notre-ils-etaient-ballotes-et-malmenes-par-les-vicissitudes-de-l-histoire-enferme-dans-notre-bulle-protectrice-pouvons-nous-imaginer-l-insalubrite-et-le-risque-de-propagation-des-maladies-qui-etaient-courants-a-la-fin-du-18e-siecle-comment-connaitre-les-conditions-de-vie-de-nos-paysans-et-citadins-sundgauviens-de-cette-epoque-je-vais-vous-faire-une-confidence-lisez-l-ouvrage-dannemarie-a-travers-les-ages-le-tome-ii-ecrit-par-laure-stefanczin-et-jean-michel-pfirsch-ce-livre-est-une-mine-d-informations-sur-notre-passe-les-auteurs-ont-compulse-une-multitude-d-archives-paroissiales-municipales-et-departementales-et-le-resultat-est-un-livre-instructif-tout-en-restant-attrayant-car-truffe-de-nombreuses-anecdotes-passionnantes\">Que savons-nous du pass\u00e9 de nos petites villes et des villages du Sundgau ? Pas grand-chose ou presque rien\u2026 Ou tout simplement, est-ce que la curiosit\u00e9 pour les petites et grandes histoires des habitants de notre r\u00e9gion est-il minime ou peut-\u00eatre inexistante ? Et pourtant, quelle richesse dans la vie de tous ceux qui nous ont pr\u00e9c\u00e9d\u00e9s. Leur vie quotidienne \u00e9tait bien plus difficile que la n\u00f4tre, ils \u00e9taient ballot\u00e9s et malmen\u00e9s par les vicissitudes de l\u2019Histoire.<br>Enferm\u00e9 dans notre bulle protectrice, pouvons-nous imaginer l\u2019insalubrit\u00e9 et le risque de propagation des maladies qui \u00e9taient courants \u00e0 la fin du 18e si\u00e8cle ? Comment conna\u00eetre les conditions de vie de nos paysans et citadins sundgauviens de cette \u00e9poque ?<br>Je vais vous faire une confidence :<br>Lisez l\u2019ouvrage&nbsp;\u00ab&nbsp;Dannemarie \u00e0 travers les \u00e2ges&nbsp;\u00bb, le tome II. \u00c9crit par Laure Stefanczin et Jean-Michel Pfirsch, ce livre est une mine d\u2019informations sur notre pass\u00e9. Les auteurs ont compuls\u00e9 une multitude d\u2019archives paroissiales, municipales et d\u00e9partementales, et le r\u00e9sultat est un livre instructif tout en restant attrayant car truff\u00e9 de nombreuses anecdotes passionnantes.<\/h3>\n\n\n\n<h3 class=\"wp-block-heading\" id=\"petite-ville-nichee-au-coeur-du-sundgau-dannemarie-est-peut-etre-votre-lieu-de-naissance-ou-d-habitation-ou-tout-simplement-votre-lieu-de-destination-pour-faire-quelques-achats-ou-promenades-bien-que-centre-sur-cette-ville-le-livre-detaille-toute-une-vie-de-labeur-de-vivre-ensemble-dans-le-quotidien-de-querelles-entre-le-conseil-municipal-et-les-administres-de-details-croustillants-sur-petits-et-grands-larcins-le-tout-sur-un-fond-historique-bref-une-vie-de-tous-les-jours-entre-1789-la-revolution-et-1869-l-annee-avant-l-arrivee-des-prussiens\">Petite ville nich\u00e9e au c\u0153ur du Sundgau, Dannemarie est peut-\u00eatre votre lieu de naissance ou d\u2019habitation ou tout simplement votre lieu de destination pour faire quelques achats ou promenades. Bien que centr\u00e9 sur cette ville, le livre d\u00e9taille toute une vie de labeur, de \u00ab&nbsp;vivre ensemble&nbsp;\u00bb dans le quotidien, de querelles entre le conseil municipal et les administr\u00e9s, de d\u00e9tails croustillants sur petits et grands larcins\u2026 le tout sur un fond historique.&nbsp; Bref, une vie de tous les jours entre 1789 (la R\u00e9volution) et 1869 (l\u2019ann\u00e9e avant l\u2019arriv\u00e9e des Prussiens).<\/h3>\n\n\n\n<h3 class=\"wp-block-heading\" id=\"ou-le-trouver-a-dannemarie-intermarche-super-u-il-etait-une-fois-une-librairie-mediatheque-a-altkirch-librairie-millefeuilles\">Ou le trouver&nbsp;? \u00c0 Dannemarie : Intermarch\u00e9 \u2013 Super U \u2013 Il \u00e9tait une fois une librairie \u2013 M\u00e9diath\u00e8que \u00c0 Altkirch : librairie Millefeuilles<\/h3>\n\n\n\n<p>Texte de Nicole Munch<\/p>\n","protected":false},"excerpt":{"rendered":"<p>D\u00e9c\u00e8s de Madame Fran\u00e7oise Mengis n\u00e9e Barina (Brentel) le 12 mars 2024 LES MAN\u0152UVRES- D\u2019AUTOMNE. 12 mars 1912&nbsp; &nbsp;LES MAN\u0152UVRES- D\u2019AUTOMNE du XlV \u00e8me corps d&rsquo;arm\u00e9e auront lieu cette ann\u00e9e vers la fin du mois d\u2019ao\u00fbt. Elles dureront 15 jours, &hellip; <a href=\"https:\/\/montreux-vieux.net\/?p=19001\">Continuer la lecture <span class=\"meta-nav\">&rarr;<\/span><\/a><\/p>\n","protected":false},"author":1,"featured_media":0,"comment_status":"open","ping_status":"open","sticky":false,"template":"","format":"standard","meta":{"footnotes":""},"categories":[1],"tags":[],"class_list":["post-19001","post","type-post","status-publish","format-standard","hentry","category-liens"],"_links":{"self":[{"href":"https:\/\/montreux-vieux.net\/index.php?rest_route=\/wp\/v2\/posts\/19001","targetHints":{"allow":["GET"]}}],"collection":[{"href":"https:\/\/montreux-vieux.net\/index.php?rest_route=\/wp\/v2\/posts"}],"about":[{"href":"https:\/\/montreux-vieux.net\/index.php?rest_route=\/wp\/v2\/types\/post"}],"author":[{"embeddable":true,"href":"https:\/\/montreux-vieux.net\/index.php?rest_route=\/wp\/v2\/users\/1"}],"replies":[{"embeddable":true,"href":"https:\/\/montreux-vieux.net\/index.php?rest_route=%2Fwp%2Fv2%2Fcomments&post=19001"}],"version-history":[{"count":5,"href":"https:\/\/montreux-vieux.net\/index.php?rest_route=\/wp\/v2\/posts\/19001\/revisions"}],"predecessor-version":[{"id":26736,"href":"https:\/\/montreux-vieux.net\/index.php?rest_route=\/wp\/v2\/posts\/19001\/revisions\/26736"}],"wp:attachment":[{"href":"https:\/\/montreux-vieux.net\/index.php?rest_route=%2Fwp%2Fv2%2Fmedia&parent=19001"}],"wp:term":[{"taxonomy":"category","embeddable":true,"href":"https:\/\/montreux-vieux.net\/index.php?rest_route=%2Fwp%2Fv2%2Fcategories&post=19001"},{"taxonomy":"post_tag","embeddable":true,"href":"https:\/\/montreux-vieux.net\/index.php?rest_route=%2Fwp%2Fv2%2Ftags&post=19001"}],"curies":[{"name":"wp","href":"https:\/\/api.w.org\/{rel}","templated":true}]}}