{"id":20714,"date":"2025-08-25T08:42:00","date_gmt":"2025-08-25T07:42:00","guid":{"rendered":"http:\/\/montreux-vieux.net\/?p=20714"},"modified":"2025-08-03T14:47:47","modified_gmt":"2025-08-03T13:47:47","slug":"bonne-rentree-scolaire","status":"publish","type":"post","link":"https:\/\/montreux-vieux.net\/?p=20714","title":{"rendered":"Bonne rentr\u00e9e scolaire"},"content":{"rendered":"\n<p>Excellente rentr\u00e9e scolaire 2025\/2026 \u00e0 toutes celles et ceux qui prendront le chemin de l&rsquo;\u00e9cole le lundi 01 septembre 2025.<\/p>\n\n\n\n<p>Je souhaite que ce nouveau parcours sera jonch\u00e9 d\u2019enrichissantes d\u00e9couvertes, rencontres, apprentissages et partages.<\/p>\n\n\n<div class=\"wp-block-image\">\n<figure class=\"aligncenter size-large\"><img loading=\"lazy\" decoding=\"async\" width=\"724\" height=\"1024\" src=\"https:\/\/montreux-vieux.net\/montreux-vieux.net\/wp-content\/uploads\/2024\/08\/Yellow-Crayons-After-school-Program-School-Flyer-3-724x1024.jpg\" alt=\"\" class=\"wp-image-28253\" srcset=\"https:\/\/montreux-vieux.net\/montreux-vieux.net\/wp-content\/uploads\/2024\/08\/Yellow-Crayons-After-school-Program-School-Flyer-3-724x1024.jpg 724w, https:\/\/montreux-vieux.net\/montreux-vieux.net\/wp-content\/uploads\/2024\/08\/Yellow-Crayons-After-school-Program-School-Flyer-3-212x300.jpg 212w, https:\/\/montreux-vieux.net\/montreux-vieux.net\/wp-content\/uploads\/2024\/08\/Yellow-Crayons-After-school-Program-School-Flyer-3-768x1086.jpg 768w, https:\/\/montreux-vieux.net\/montreux-vieux.net\/wp-content\/uploads\/2024\/08\/Yellow-Crayons-After-school-Program-School-Flyer-3-1086x1536.jpg 1086w, https:\/\/montreux-vieux.net\/montreux-vieux.net\/wp-content\/uploads\/2024\/08\/Yellow-Crayons-After-school-Program-School-Flyer-3.jpg 1414w\" sizes=\"auto, (max-width: 724px) 100vw, 724px\" \/><\/figure>\n<\/div>","protected":false},"excerpt":{"rendered":"<p>Excellente rentr\u00e9e scolaire 2025\/2026 \u00e0 toutes celles et ceux qui prendront le chemin de l&rsquo;\u00e9cole le lundi 01 septembre 2025. Je souhaite que ce nouveau parcours sera jonch\u00e9 d\u2019enrichissantes d\u00e9couvertes, rencontres, apprentissages et partages.<\/p>\n","protected":false},"author":1,"featured_media":0,"comment_status":"open","ping_status":"open","sticky":false,"template":"","format":"standard","meta":{"footnotes":""},"categories":[1],"tags":[],"class_list":["post-20714","post","type-post","status-publish","format-standard","hentry","category-liens"],"_links":{"self":[{"href":"https:\/\/montreux-vieux.net\/index.php?rest_route=\/wp\/v2\/posts\/20714","targetHints":{"allow":["GET"]}}],"collection":[{"href":"https:\/\/montreux-vieux.net\/index.php?rest_route=\/wp\/v2\/posts"}],"about":[{"href":"https:\/\/montreux-vieux.net\/index.php?rest_route=\/wp\/v2\/types\/post"}],"author":[{"embeddable":true,"href":"https:\/\/montreux-vieux.net\/index.php?rest_route=\/wp\/v2\/users\/1"}],"replies":[{"embeddable":true,"href":"https:\/\/montreux-vieux.net\/index.php?rest_route=%2Fwp%2Fv2%2Fcomments&post=20714"}],"version-history":[{"count":11,"href":"https:\/\/montreux-vieux.net\/index.php?rest_route=\/wp\/v2\/posts\/20714\/revisions"}],"predecessor-version":[{"id":28254,"href":"https:\/\/montreux-vieux.net\/index.php?rest_route=\/wp\/v2\/posts\/20714\/revisions\/28254"}],"wp:attachment":[{"href":"https:\/\/montreux-vieux.net\/index.php?rest_route=%2Fwp%2Fv2%2Fmedia&parent=20714"}],"wp:term":[{"taxonomy":"category","embeddable":true,"href":"https:\/\/montreux-vieux.net\/index.php?rest_route=%2Fwp%2Fv2%2Fcategories&post=20714"},{"taxonomy":"post_tag","embeddable":true,"href":"https:\/\/montreux-vieux.net\/index.php?rest_route=%2Fwp%2Fv2%2Ftags&post=20714"}],"curies":[{"name":"wp","href":"https:\/\/api.w.org\/{rel}","templated":true}]}}