{"id":21883,"date":"2025-11-04T14:11:00","date_gmt":"2025-11-04T13:11:00","guid":{"rendered":"http:\/\/montreux-vieux.net\/?p=21883"},"modified":"2025-08-03T14:31:18","modified_gmt":"2025-08-03T13:31:18","slug":"chez-nadia-a-montreux-vieux-ce-deuxieme-confinement-ma-tuee","status":"publish","type":"post","link":"https:\/\/montreux-vieux.net\/?p=21883","title":{"rendered":"Il y a cinq ans : \u00abChez Nadia\u00bb, \u00e0 Montreux-Vieux: \u00ab Ce deuxi\u00e8me confinement m\u2019a tu\u00e9e \u00bb"},"content":{"rendered":"<div class=\"wp-block-image\">\n<figure class=\"aligncenter\"><img decoding=\"async\" src=\"https:\/\/cdn-s-www.lalsace.fr\/images\/01DBC347-B416-4854-B9C0-ABFB0CF89B96\/NW_detail\/title-1604394822.jpg\" alt=\"\"\/><\/figure>\n<\/div>\n\n\n<p>Deux ans apr\u00e8s son ouverture&nbsp;dans l\u2019ancienne gare SNCF, l\u2019unique commerce alimentaire de Montreux-Vieux baisse le rideau, emport\u00e9 par le reconfinement. Un cr\u00e8ve-c\u0153ur sans nom pour la patronne, Nadia Tschirret, qui se dit victime des effets collat\u00e9raux de la crise sanitaire.<\/p>\n\n\n\n<p>\u00ab&nbsp;J\u2019avais tous les anciens du village qui venaient ici\u2026 J\u2019ai l\u2019impression de les abandonner.&nbsp;\u00bb Alors que le pays se remettait sous cloche, c\u2019est le c\u0153ur gros que Nadia Tschirret avait verrouill\u00e9 pour la derni\u00e8re fois la porte vitr\u00e9e de son caf\u00e9-brasserie, ce samedi 31&nbsp;octobre, avant d\u2019y accoler la mention \u00ab&nbsp;Fermeture d\u00e9finitive&nbsp;\u00bb. Une mauvaise nouvelle partag\u00e9e avec \u00ab&nbsp;beaucoup de tristesse&nbsp;\u00bb&nbsp;sur les r\u00e9seaux sociaux&nbsp;, la patronne \u00e9voquant sans d\u00e9tour les \u00ab&nbsp;trop lourdes cons\u00e9quences&nbsp;\u00bb du reconfinement pour son petit commerce de proximit\u00e9. Sale coup pour le village en cet automne d\u00e9j\u00e0 trop gris\u00e2tre. Et la fin am\u00e8re d\u2019une histoire qui avait commenc\u00e9 en 2016 \u00e0 Montreux-Vieux avec une simple caravane am\u00e9nag\u00e9e en \u00e9picerie ambulante. <\/p>\n\n\n<div class=\"wp-block-image\">\n<figure class=\"aligncenter\"><img decoding=\"async\" src=\"https:\/\/cdn-s-www.lalsace.fr\/images\/b1553cff-9c24-4ed5-8ff4-b2cc44462de4\/NW_listA\/title-1604394822.jpg\" alt=\"\"\/><\/figure>\n<\/div>\n\n\n<p>Pour combler le vide laiss\u00e9 \u00e0 l\u2019\u00e9poque avec la fermeture de la sup\u00e9rette du village, reconvertie depuis en&nbsp;maison de sant\u00e9&nbsp;, Nadia et Christophe Tschirret avaient lanc\u00e9 leur affaire, Crousti\u2019Tschirret, et s\u2019installaient sur le parking de la pharmacie Bitsch pour proposer pains, viennoiseries, petite \u00e9picerie, fruits et l\u00e9gumes,&nbsp;etc. Deux ans plus tard, le couple avait remis la caravane au garage pour s\u2019installer dans l\u2019ancien b\u00e2timent voyageur de la gare SNCF, sp\u00e9cialement r\u00e9nov\u00e9 par la commune en 2015.&nbsp;L\u2019ex-restaurant du buffet de la gare&nbsp;\u00e9tait devenu \u00ab&nbsp;Chez Nadia&nbsp;\u00bb, entre caf\u00e9-brasserie (l\u2019\u00e9tablissement est dot\u00e9 d\u2019une licence IV), restauration rapide, d\u00e9p\u00f4t de pain, petite \u00e9picerie,&nbsp;etc.<\/p>\n\n\n\n<p>Plus qu\u2019un commerce de proximit\u00e9, un comptoir social tr\u00e8s appr\u00e9ci\u00e9 des habitants ainsi que des dizaines de voyageurs qui fr\u00e9quentent quotidiennement la gare TER de Montreux.<\/p>\n\n\n\n<p>Des loyers offerts par la mairie<\/p>\n\n\n\n<p>\u00ab&nbsp;Le premier confinement nous a mis une claque&nbsp;\u00bb, reconna\u00eet Nadia. Avec un coup d\u2019arr\u00eat brutal \u00e0 l\u2019activit\u00e9 restauration. Et la fin des fameuses soir\u00e9es \u00e0 th\u00e8me, \u00ab&nbsp;qui marchaient tr\u00e8s, tr\u00e8s bien&nbsp;\u00bb. La mairie, \u00e0 qui appartiennent les locaux, n\u2019avait pas h\u00e9sit\u00e9 \u00e0 renoncer au versement de plusieurs mois de loyers pour aider son unique commerce alimentaire. Le d\u00e9confinement et l\u2019\u00e9t\u00e9 \u00e9taient ensuite venus, avec les tables en terrasse et habitu\u00e9s au rendez-vous. Mais une tr\u00e9sorerie convalescente et un chiffre d\u2019affaires en berne.<\/p>\n\n\n\n<p>\u00ab&nbsp;Ce deuxi\u00e8me confinement m\u2019a tu\u00e9e&nbsp;\u00bb, l\u00e2che Nadia. Jusqu\u2019au bout, la patronne de 42 ans aura cru pouvoir \u00ab&nbsp;survivre&nbsp;\u00bb. Mais les annonces gouvernementales concernant les bars et restaurants auront eu raison de son optimisme. \u00ab&nbsp;Ce n\u2019est pas juste en vendant du pain que je pourrais payer le loyer&nbsp;\u00bb, juge l\u2019auto-entrepreneuse. Dans l\u2019impossibilit\u00e9 de payer les charges fixes et les fournisseurs, elle a donc pr\u00e9f\u00e9r\u00e9 baisser le rideau. \u00ab&nbsp;C\u2019est vraiment \u00e0 contrec\u0153ur que j\u2019arr\u00eate&nbsp;\u00bb, dit-elle, les yeux rougis. \u00ab&nbsp;Il n\u2019y aura plus rien dans le village, c\u2019est vrai.&nbsp;\u00bb Frigos, vitrines r\u00e9frig\u00e9r\u00e9es, mobilier,&nbsp;etc., l\u2019ensemble du mat\u00e9riel sera mis en vente. La mairie aura ensuite la lourde t\u00e2che de trouver un repreneur pour son commerce de proximit\u00e9. \u00ab&nbsp;\u00c7a va \u00eatre compliqu\u00e9, avoue le maire, Jean-Claude Ringwald. Ce Covid ne nous fait pas du bien.&nbsp;\u00bb<\/p>\n\n\n\n<p>Photos et texte L&rsquo;Alsace 3 novembre 2020 &nbsp;<strong>Vivian MILLET<\/strong>&nbsp;&#8211;&nbsp;12:00&nbsp;h<\/p>\n","protected":false},"excerpt":{"rendered":"<p>Deux ans apr\u00e8s son ouverture&nbsp;dans l\u2019ancienne gare SNCF, l\u2019unique commerce alimentaire de Montreux-Vieux baisse le rideau, emport\u00e9 par le reconfinement. Un cr\u00e8ve-c\u0153ur sans nom pour la patronne, Nadia Tschirret, qui se dit victime des effets collat\u00e9raux de la crise sanitaire. &hellip; <a href=\"https:\/\/montreux-vieux.net\/?p=21883\">Continuer la lecture <span class=\"meta-nav\">&rarr;<\/span><\/a><\/p>\n","protected":false},"author":1,"featured_media":0,"comment_status":"open","ping_status":"open","sticky":false,"template":"","format":"standard","meta":{"footnotes":""},"categories":[1],"tags":[],"class_list":["post-21883","post","type-post","status-publish","format-standard","hentry","category-liens"],"_links":{"self":[{"href":"https:\/\/montreux-vieux.net\/index.php?rest_route=\/wp\/v2\/posts\/21883","targetHints":{"allow":["GET"]}}],"collection":[{"href":"https:\/\/montreux-vieux.net\/index.php?rest_route=\/wp\/v2\/posts"}],"about":[{"href":"https:\/\/montreux-vieux.net\/index.php?rest_route=\/wp\/v2\/types\/post"}],"author":[{"embeddable":true,"href":"https:\/\/montreux-vieux.net\/index.php?rest_route=\/wp\/v2\/users\/1"}],"replies":[{"embeddable":true,"href":"https:\/\/montreux-vieux.net\/index.php?rest_route=%2Fwp%2Fv2%2Fcomments&post=21883"}],"version-history":[{"count":8,"href":"https:\/\/montreux-vieux.net\/index.php?rest_route=\/wp\/v2\/posts\/21883\/revisions"}],"predecessor-version":[{"id":28248,"href":"https:\/\/montreux-vieux.net\/index.php?rest_route=\/wp\/v2\/posts\/21883\/revisions\/28248"}],"wp:attachment":[{"href":"https:\/\/montreux-vieux.net\/index.php?rest_route=%2Fwp%2Fv2%2Fmedia&parent=21883"}],"wp:term":[{"taxonomy":"category","embeddable":true,"href":"https:\/\/montreux-vieux.net\/index.php?rest_route=%2Fwp%2Fv2%2Fcategories&post=21883"},{"taxonomy":"post_tag","embeddable":true,"href":"https:\/\/montreux-vieux.net\/index.php?rest_route=%2Fwp%2Fv2%2Ftags&post=21883"}],"curies":[{"name":"wp","href":"https:\/\/api.w.org\/{rel}","templated":true}]}}