{"id":21970,"date":"2025-11-13T10:40:00","date_gmt":"2025-11-13T09:40:00","guid":{"rendered":"https:\/\/montreux-vieux.net\/?p=21970"},"modified":"2025-08-03T14:37:55","modified_gmt":"2025-08-03T13:37:55","slug":"que-sest-il-passe-a-montreux-vieux-un-13-novembre","status":"publish","type":"post","link":"https:\/\/montreux-vieux.net\/?p=21970","title":{"rendered":"Que s&rsquo;est-il pass\u00e9 \u00e0 Montreux-Vieux un 13 novembre ?"},"content":{"rendered":"\n<h2 class=\"wp-block-heading has-text-align-center\" style=\"font-size:60px\">Un cadavre trouv\u00e9 pr\u00e8s de la fronti\u00e8re en&nbsp; 1896<\/h2>\n\n\n\n<p>Belfort, 11 novembre 1896. L\u2019identit\u00e9 du cadavre trouv\u00e9 pr\u00e8s de la fronti\u00e8re \u00e0 pu \u00eatre enfin \u00e9tablie. Une personne attendue est arriv\u00e9e dans la matin\u00e9e &nbsp;de Paris et a formellement reconnu dans le cadavre celui de son fr\u00e8re, un jeune homme du nom d\u2019Adolphe Hulmann, appartenant \u00e0 une famille originaire d\u2019Ornans, dans le Doubs. Apr\u00e8s la mort du p\u00e8re, Mme Hulmann se retira A Gen\u00e8ve, sa situation de fortune \u00e9tait peu brillante. Les enfants furent \u00e9lev\u00e9s par les fr\u00e8res et s\u0153urs de Mme et de M Adolphe Hulmann habitait avec sa tante \u00e0 Viney, dans l\u2019Is\u00e8re; son oncle, un nomm\u00e9 Bourguin, de Romagny (Alsace), lui avait \u00e9crit ces temps derniers pour lui dire de le rejoindre. <\/p>\n\n\n\n<p>Il voulait lui faire apprendre le m\u00e9tier de menuisier. Adolphe Hulmann s\u2019\u00e9tait mis en route la semaine derni\u00e8re. Arriv\u00e9 \u00e0 Belfort &nbsp;vendredi matin, il &nbsp;avait pris un billet pour Montreux-Vieux, premi\u00e8re gare alsacienne. De Montreux-Vieux, on perd ses traces, mais &nbsp;il y a tout lieu de supposer que le jeune Hulmann devant faire trajet de Montreux-Vieux \u00e0 Romagny \u00e0 pied a \u00e9t\u00e9 assassin\u00e9 sur la roule et que son cadavre a \u00e9t\u00e9 port\u00e9 par le meurtrier sur le territoire &nbsp;fran\u00e7ais pour d\u00e9pister les soup\u00e7ons. Par le fait, la justice fran\u00e7aise sera probablement dessaisie de cette affaire.<\/p>\n\n\n\n<p>Sources&nbsp;: L\u2019Estafette 13 novembre 1896<\/p>\n\n\n\n<div class=\"wp-block-media-text alignfull has-media-on-the-right is-stacked-on-mobile is-vertically-aligned-center is-style-default\" style=\"grid-template-columns:auto 56%\"><div class=\"wp-block-media-text__content\">\n<h2 class=\"wp-block-heading has-text-color\" style=\"color:#000000\">Une pens\u00e9e pour : <\/h2>\n\n\n\n<ul class=\"wp-block-list\">\n<li>Monsieur Guichard Yves, d\u00e9c\u00e9d\u00e9 le 13 novembre 2022.<\/li>\n<\/ul>\n<\/div><figure class=\"wp-block-media-text__media\"><img loading=\"lazy\" decoding=\"async\" width=\"400\" height=\"290\" src=\"https:\/\/montreux-vieux.net\/montreux-vieux.net\/wp-content\/uploads\/2021\/01\/2536644_16f34-1.jpg\" alt=\"\" class=\"wp-image-22365 size-full\" srcset=\"https:\/\/montreux-vieux.net\/montreux-vieux.net\/wp-content\/uploads\/2021\/01\/2536644_16f34-1.jpg 400w, https:\/\/montreux-vieux.net\/montreux-vieux.net\/wp-content\/uploads\/2021\/01\/2536644_16f34-1-300x218.jpg 300w\" sizes=\"auto, (max-width: 400px) 100vw, 400px\" \/><\/figure><\/div>\n\n\n\n<p>Chemin dr fer, \u2014 On a commenc\u00e9 r\u00e9cemment les travaux relatifs \u00e0 la pose d\u2019une voie d\u2019acc\u00e8s de la ligne de Montreux -Vieux \u00e0 la gare de Mulhouse. Une voie provisoire est pos\u00e9e du pont d\u2019Altkirch \u00e0 la rue du Noyer pour enlever la terre provenant du nivellement du terrain. Le pont de la rue du Noyer devra \u00eatre agrandi. On pourra alors r\u00e9gler plus convenablement les heures de d\u00e9part et d\u2019arriver des trains de Montreux-Vieux et am\u00e9liorer les correspondances sur cette ligne. Sources : Express,\u00a013 nov. 1903, p.\u00a02\/4<\/p>\n\n\n\n<p><\/p>\n","protected":false},"excerpt":{"rendered":"<p>Un cadavre trouv\u00e9 pr\u00e8s de la fronti\u00e8re en&nbsp; 1896 Belfort, 11 novembre 1896. L\u2019identit\u00e9 du cadavre trouv\u00e9 pr\u00e8s de la fronti\u00e8re \u00e0 pu \u00eatre enfin \u00e9tablie. Une personne attendue est arriv\u00e9e dans la matin\u00e9e &nbsp;de Paris et a formellement reconnu &hellip; <a href=\"https:\/\/montreux-vieux.net\/?p=21970\">Continuer la lecture <span class=\"meta-nav\">&rarr;<\/span><\/a><\/p>\n","protected":false},"author":1,"featured_media":0,"comment_status":"open","ping_status":"open","sticky":false,"template":"","format":"standard","meta":{"footnotes":""},"categories":[1],"tags":[],"class_list":["post-21970","post","type-post","status-publish","format-standard","hentry","category-liens"],"_links":{"self":[{"href":"https:\/\/montreux-vieux.net\/index.php?rest_route=\/wp\/v2\/posts\/21970","targetHints":{"allow":["GET"]}}],"collection":[{"href":"https:\/\/montreux-vieux.net\/index.php?rest_route=\/wp\/v2\/posts"}],"about":[{"href":"https:\/\/montreux-vieux.net\/index.php?rest_route=\/wp\/v2\/types\/post"}],"author":[{"embeddable":true,"href":"https:\/\/montreux-vieux.net\/index.php?rest_route=\/wp\/v2\/users\/1"}],"replies":[{"embeddable":true,"href":"https:\/\/montreux-vieux.net\/index.php?rest_route=%2Fwp%2Fv2%2Fcomments&post=21970"}],"version-history":[{"count":6,"href":"https:\/\/montreux-vieux.net\/index.php?rest_route=\/wp\/v2\/posts\/21970\/revisions"}],"predecessor-version":[{"id":26909,"href":"https:\/\/montreux-vieux.net\/index.php?rest_route=\/wp\/v2\/posts\/21970\/revisions\/26909"}],"wp:attachment":[{"href":"https:\/\/montreux-vieux.net\/index.php?rest_route=%2Fwp%2Fv2%2Fmedia&parent=21970"}],"wp:term":[{"taxonomy":"category","embeddable":true,"href":"https:\/\/montreux-vieux.net\/index.php?rest_route=%2Fwp%2Fv2%2Fcategories&post=21970"},{"taxonomy":"post_tag","embeddable":true,"href":"https:\/\/montreux-vieux.net\/index.php?rest_route=%2Fwp%2Fv2%2Ftags&post=21970"}],"curies":[{"name":"wp","href":"https:\/\/api.w.org\/{rel}","templated":true}]}}