{"id":22075,"date":"2025-12-14T00:05:00","date_gmt":"2025-12-13T23:05:00","guid":{"rendered":"https:\/\/montreux-vieux.net\/?p=22075"},"modified":"2025-08-05T14:53:13","modified_gmt":"2025-08-05T13:53:13","slug":"que-sest-il-passe-a-montreux-vieux-un-14-decembre","status":"publish","type":"post","link":"https:\/\/montreux-vieux.net\/?p=22075","title":{"rendered":"Que s&rsquo;est-il pass\u00e9 \u00e0 Montreux-Vieux un 14 d\u00e9cembre ?"},"content":{"rendered":"\n<h2 class=\"wp-block-heading has-text-align-center\" style=\"font-size:60px\">La langue officielle<\/h2>\n\n\n\n<p><strong>14 d\u00e9cembre 1889<\/strong> La langue officielle. \u2014 A partir du 1er janvier l\u2019usage de la langue fran\u00e7aise ne sera plus tol\u00e9r\u00e9 dans l\u2019exp\u00e9dition des affaires publiques pour les communes suivantes de l\u2019arrondissement d\u2019Altkirch : Montreux-Vieux, Bratt, Valdieu, Montreux-Jeune et Lucelle. Toutes les communications aux autorit\u00e9s devront \u00eatre faites en langue allemande \u00e0 moins que celles-ci dans les cas exceptionnels, n\u2019autorisent de se servir du fran\u00e7ais. Sources&nbsp;: Express 14 d\u00e9cembre 1889<\/p>\n\n\n\n<div class=\"wp-block-media-text alignfull has-media-on-the-right is-stacked-on-mobile is-vertically-aligned-center is-style-default\" style=\"grid-template-columns:auto 56%\"><div class=\"wp-block-media-text__content\">\n<h2 class=\"wp-block-heading has-text-color\" style=\"color:#000000\">Une pens\u00e9e pour :<\/h2>\n\n\n\n<ul class=\"wp-block-list\">\n<li>M. Fernandes Antonio, d\u00e9c\u00e9d\u00e9 le 14 d\u00e9cembre 2014.<\/li>\n<\/ul>\n<\/div><figure class=\"wp-block-media-text__media\"><img loading=\"lazy\" decoding=\"async\" width=\"400\" height=\"290\" src=\"https:\/\/montreux-vieux.net\/montreux-vieux.net\/wp-content\/uploads\/2021\/01\/2536644_16f34-1.jpg\" alt=\"\" class=\"wp-image-22365 size-full\" srcset=\"https:\/\/montreux-vieux.net\/montreux-vieux.net\/wp-content\/uploads\/2021\/01\/2536644_16f34-1.jpg 400w, https:\/\/montreux-vieux.net\/montreux-vieux.net\/wp-content\/uploads\/2021\/01\/2536644_16f34-1-300x218.jpg 300w\" sizes=\"auto, (max-width: 400px) 100vw, 400px\" \/><\/figure><\/div>\n\n\n\n<p><\/p>\n","protected":false},"excerpt":{"rendered":"<p>La langue officielle 14 d\u00e9cembre 1889 La langue officielle. \u2014 A partir du 1er janvier l\u2019usage de la langue fran\u00e7aise ne sera plus tol\u00e9r\u00e9 dans l\u2019exp\u00e9dition des affaires publiques pour les communes suivantes de l\u2019arrondissement d\u2019Altkirch : Montreux-Vieux, Bratt, Valdieu, &hellip; <a href=\"https:\/\/montreux-vieux.net\/?p=22075\">Continuer la lecture <span class=\"meta-nav\">&rarr;<\/span><\/a><\/p>\n","protected":false},"author":1,"featured_media":0,"comment_status":"open","ping_status":"open","sticky":false,"template":"","format":"standard","meta":{"footnotes":""},"categories":[1],"tags":[],"class_list":["post-22075","post","type-post","status-publish","format-standard","hentry","category-liens"],"_links":{"self":[{"href":"https:\/\/montreux-vieux.net\/index.php?rest_route=\/wp\/v2\/posts\/22075","targetHints":{"allow":["GET"]}}],"collection":[{"href":"https:\/\/montreux-vieux.net\/index.php?rest_route=\/wp\/v2\/posts"}],"about":[{"href":"https:\/\/montreux-vieux.net\/index.php?rest_route=\/wp\/v2\/types\/post"}],"author":[{"embeddable":true,"href":"https:\/\/montreux-vieux.net\/index.php?rest_route=\/wp\/v2\/users\/1"}],"replies":[{"embeddable":true,"href":"https:\/\/montreux-vieux.net\/index.php?rest_route=%2Fwp%2Fv2%2Fcomments&post=22075"}],"version-history":[{"count":6,"href":"https:\/\/montreux-vieux.net\/index.php?rest_route=\/wp\/v2\/posts\/22075\/revisions"}],"predecessor-version":[{"id":26234,"href":"https:\/\/montreux-vieux.net\/index.php?rest_route=\/wp\/v2\/posts\/22075\/revisions\/26234"}],"wp:attachment":[{"href":"https:\/\/montreux-vieux.net\/index.php?rest_route=%2Fwp%2Fv2%2Fmedia&parent=22075"}],"wp:term":[{"taxonomy":"category","embeddable":true,"href":"https:\/\/montreux-vieux.net\/index.php?rest_route=%2Fwp%2Fv2%2Fcategories&post=22075"},{"taxonomy":"post_tag","embeddable":true,"href":"https:\/\/montreux-vieux.net\/index.php?rest_route=%2Fwp%2Fv2%2Ftags&post=22075"}],"curies":[{"name":"wp","href":"https:\/\/api.w.org\/{rel}","templated":true}]}}