{"id":24262,"date":"2026-01-03T00:05:00","date_gmt":"2026-01-02T23:05:00","guid":{"rendered":"https:\/\/montreux-vieux.net\/?p=24262"},"modified":"2026-01-03T14:22:41","modified_gmt":"2026-01-03T13:22:41","slug":"que-sest-il-passe-a-montreux-vieux-un-3-janvier","status":"publish","type":"post","link":"https:\/\/montreux-vieux.net\/?p=24262","title":{"rendered":"Que s\u2019est-il pass\u00e9 \u00e0 Montreux-Vieux un 3 janvier ?"},"content":{"rendered":"\n<div class=\"wp-block-media-text alignfull has-media-on-the-right is-stacked-on-mobile is-vertically-aligned-center is-style-default\" style=\"grid-template-columns:auto 56%\"><div class=\"wp-block-media-text__content\">\n<h2 class=\"wp-block-heading has-text-color\" style=\"color:#000000\"><strong> <strong>Une  pens\u00e9e pour : <\/strong> <\/strong><\/h2>\n\n\n\n<ul>\n<li>Madame Morisot \u00e9pouse Guidet Edwige d\u00e9c\u00e9d\u00e9e le 03 janvier 2019<\/li>\n<li>Monsieur Jean Paul Allemang, d\u00e9c\u00e9d\u00e9 le 03 janvier 2024<\/li>\n<\/ul>\n\n\n\n<p><\/p>\n<\/div><figure class=\"wp-block-media-text__media\"><img loading=\"lazy\" decoding=\"async\" width=\"400\" height=\"290\" src=\"https:\/\/montreux-vieux.net\/montreux-vieux.net\/wp-content\/uploads\/2021\/01\/2536644_16f34-1.jpg\" alt=\"\" class=\"wp-image-22365 size-full\" srcset=\"https:\/\/montreux-vieux.net\/montreux-vieux.net\/wp-content\/uploads\/2021\/01\/2536644_16f34-1.jpg 400w, https:\/\/montreux-vieux.net\/montreux-vieux.net\/wp-content\/uploads\/2021\/01\/2536644_16f34-1-300x218.jpg 300w\" sizes=\"auto, (max-width: 400px) 100vw, 400px\" \/><\/figure><\/div>\n\n\n\n<hr class=\"wp-block-separator has-text-color has-blue-color has-css-opacity has-blue-background-color has-background is-style-wide\"\/>\n\n\n\n<h2 class=\"wp-block-heading has-text-align-center\" style=\"font-size:60px\">Remboursement d&rsquo;un pr\u00eat \u00e0 la Caisse d&rsquo;Epargne.<\/h2>\n\n\n\n<p> <strong>3 janvier 1864<\/strong>.&nbsp;On pouvait lire ce jour l\u00e0 au journal officiel qu&rsquo;un pr\u00eat de 17 fr 30 a \u00e9t\u00e9 rembours\u00e9 \u00e0 la Caisse d&rsquo;Epargne de Belfort par  Madame Prev\u00f4t (F\u00e9licit\u00e9), ouvri\u00e8re, 37 ans de Montreux-Vieux.&nbsp;  <\/p>\n\n\n\n<hr class=\"wp-block-separator has-text-color has-blue-color has-css-opacity has-blue-background-color has-background is-style-wide\"\/>\n\n\n<div class=\"wp-block-image is-resized\">\n<figure class=\"aligncenter\"><img decoding=\"async\" src=\"http:\/\/montreux-vieux.net\/montreux-vieux.net\/wp-content\/uploads\/2020\/01\/schmitt_pierre_chard.jpg\" alt=\"L\u2019attribut alt de cette image est vide, son nom de fichier est schmitt_pierre_chard.jpg.\"\/><figcaption class=\"wp-element-caption\"> Monument comm\u00e9moratif au village de Roussines commune de Chard. Maitron des fusill\u00e9s <\/figcaption><\/figure>\n<\/div>\n\n\n<h2 class=\"wp-block-heading has-text-align-center\" style=\"font-size:60px\"> Naissance \u00e0 Montreux-Vieux de Christen Lucien <\/h2>\n\n\n\n<p> <strong>03 janvier 1919:&nbsp;<\/strong>Naissance \u00e0 Montreux-Vieux de Christen Lucien le 3 janvier 1919&nbsp;\u2013 Mort pour la France \u2013 Captur\u00e9 et fusill\u00e9 par les Allemands sur le chemin de la foret la Goursole \u00e0&nbsp;Roussines commune de Chard (Creuse).  \u2013 Figure sur le monument comm\u00e9moratif du village de Roussines  <\/p>\n\n\n\n<p><a href=\"https:\/\/www.facebook.com\/groups\/186739191349503\/user\/100069689865230\/?__cft__[0]=AZbaae0_eKk2c_uI7dkrZuVz-0BDH23TX1oPy_f9aLrOp_d2U0DgGNPtarg1jrgzMApF8njfHvQ4mo-RFAMkK_JptbOGM1yHxsCUBb5uD2lAE0QkWUt0HpAV-hJwZmaq8AOV1EUj-W0iQ6_Sbcyd7T9uduJu2mcxhWU0MJGROzveJmmEqo7gs-QqX1EW87NVuRIIH_Bq_WK70TE4REtOqqpR&amp;__tn__=R-R\">Daniel Lougnot<\/a> 03 janvier 2026<\/p>\n\n\n\n<p>Lucien Christen n\u00e9 le 3 janvier 1919 \u00e0 Montreux-Vieux (Haut-Rhin), \u00e9tait le fils d\u2019Eug\u00e8ne Christen et d\u2019H\u00e9l\u00e8ne Kempf originaires de Balschwiller. C\u00e9libataire, il appartenait au printemps 1944 au GMR (Groupe Mobile de r\u00e9serve) \u00ab Berry \u00bb, bas\u00e9 \u00e0 Argenton&nbsp;<a><\/a>sur Creuse qui comprenait environ 200 policiers en uniforme bleu marine. Le 6 juin 1944 le GMR Berry se trouvait en cantonnement au camp de La Courtine (Creuse) lorsque le d\u00e9barquement en Normandie se produisit. Il re\u00e7ut le 7 juin l\u2019ordre de rejoindre Limoges. Travaill\u00e9 depuis quelque temps par la R\u00e9sistance, le GMR Berry choisit alors sous l\u2019autorit\u00e9 de son chef, le capitaine Dubois de passer \u00e0 la R\u00e9sistance et \u00e0 la clandestinit\u00e9. Il vint renforcer les maquis de l\u2019est de la Creuse sous l\u2019autorit\u00e9 dans ce secteur, du commandant Jack. Le bataillon Jack gagna alors les gorges du Chavanon pour se mettre \u00e0 la disposition du chef de l\u2019AS (Arm\u00e9e secr\u00e8te) de Corr\u00e8ze, Lemoigne. Le commandant Jack revint ensuite en Creuse avec une partie de ses effectifs dont les GMR et s\u2019installa dans le secteur de Chard.<\/p>\n\n\n\n<p>A la mi-juillet 1944, des \u00e9l\u00e9ments de la brigade Jesser, une formation militaire allemande, compos\u00e9e d\u2019\u00e9l\u00e9ments disparates de la Wehrmacht, des SS et de divers services de police, entr\u00e8rent en Creuse en provenance des d\u00e9partements voisins du sud et de l\u2019est pour organiser la r\u00e9pression contre les forces de la R\u00e9sistance. L\u2019action des services de renseignements allemands aid\u00e9s de reconnaissances a\u00e9riennes permit \u00e0 l\u2019\u00c9tat-major allemand de localiser pr\u00e9cis\u00e9ment les maquis et de pr\u00e9parer une op\u00e9ration d\u2019encerclement qui se produisit le 27 juillet 1944. L\u2019attaque de la colonne Jesser contraignit les groupes de maquisards \u00e0 tenter d\u2019\u00e9chapper \u00e0 l\u2019encerclement. La fuite pr\u00e9cipit\u00e9e du commandant Jack entra\u00eena un sauve qui peut g\u00e9n\u00e9ral. Malgr\u00e9 tout, plusieurs maquisards dont Lucien Christen, sergent-chef FFI, tent\u00e8rent en combattant, de prot\u00e9ger le repli. Dans le combat, il fut bless\u00e9 aux jambes pr\u00e8s du village des Monts, \u00e0 la lisi\u00e8re de la for\u00eat de La Goursolle. Fait prisonnier il fut ex\u00e9cut\u00e9 sommairement, apr\u00e8s avoir \u00e9t\u00e9 tortur\u00e9 et mutil\u00e9.<\/p>\n\n\n\n<p>Il obtint la mention mort pour la France et fut homologu\u00e9 FFI. Son nom est inscrit sur le monument aux morts de Balschwiller (Haut-Rhin) ainsi que sur le monument comm\u00e9moratif de Chard et sur le m\u00e9morial de la R\u00e9sistance creusoise \u00e0 Gu\u00e9ret.<\/p>\n\n\n\n<p>SOURCES Marc Parrotin : Le temps du Maquis, Histoire de la R\u00e9sistance en Creuse (1984) et M\u00e9morial de la R\u00e9sistance creusoise (2000) \u2014 Bernard Chevalier : La Trag\u00e9die de Roussines (1999)<\/p>\n\n\n\n<hr class=\"wp-block-separator has-text-color has-blue-color has-css-opacity has-blue-background-color has-background is-style-wide\"\/>\n\n\n<div class=\"wp-block-image\">\n<figure class=\"aligncenter\"><img decoding=\"async\" src=\"http:\/\/montreux-vieux.net\/montreux-vieux.net\/wp-content\/uploads\/2020\/01\/Screen-Shot-01-01-20-at-04.54-PM.png\" alt=\"L\u2019attribut alt de cette image est vide, son nom de fichier est Screen-Shot-01-01-20-at-04.54-PM.png.\"\/><\/figure>\n<\/div>\n\n\n<h2 class=\"wp-block-heading has-text-align-center\" style=\"font-size:60px\"> Un industriel montreusien ordonn\u00e9 pr\u00eatre, p\u00e8re de 11 enfants.&nbsp; <\/h2>\n\n\n\n<p> <strong>03 janvier 1938:&nbsp;<\/strong>Dans la Gazette de Bayonne, de Biarritz et du Pays basque: Un industriel montreusien ordonn\u00e9 pr\u00eatre, p\u00e8re de 11 enfants Originaire de Louperhouse (Moselle), M. Ortallo vient d\u2019\u00eatre, \u00e0 65 ans, ordonn\u00e9 pr\u00eatre par Mgr Ruch, \u00e9v\u00eaque de Strasbourg le 3 janvier 1938. Apr\u00e8s avoir travaill\u00e9 comme comptable \u00e0 Mulhouse et \u00e0 Colmar, il avait fond\u00e9 un \u00e9tablissement industriel \u00e0&nbsp;Montreux-Vieux&nbsp;et, de son mariage, il a eu onze enfants, dont neuf sont encore en vie. Sur ses neuf&nbsp;enfants, six sont entr\u00e9s dans les ordres et trois filles exercent la profession de gardes-malades.<br>C\u2019est, il y a cinq ans que, devenu veuf, M. Ortallo r\u00e9solut de faire ses \u00e9tudes eccl\u00e9siastiques et de consacrer le reste de sa vie au sacerdoce. Son \u00e9pouse Antoinette Schmieder 1879 \/ 1933, m\u00e9daille de la famille fran\u00e7aise en Or, repose au cimeti\u00e8re de Montreux-Vieux.  <\/p>\n\n\n\n<hr class=\"wp-block-separator has-text-color has-blue-color has-css-opacity has-blue-background-color has-background is-style-wide\"\/>\n\n\n\n<div class=\"wp-block-cover alignfull is-light\"><span aria-hidden=\"true\" class=\"wp-block-cover__background has-background-dim-100 has-background-dim\" style=\"background-color:#ffffff\"><\/span><div class=\"wp-block-cover__inner-container is-layout-flow wp-block-cover-is-layout-flow\">\n<div class=\"wp-block-columns are-vertically-aligned-center is-layout-flex wp-container-core-columns-is-layout-9d6595d7 wp-block-columns-is-layout-flex\">\n<div class=\"wp-block-column is-vertically-aligned-center is-layout-flow wp-block-column-is-layout-flow\" style=\"flex-basis:100%\">\n<div class=\"wp-block-group alignwide\"><div class=\"wp-block-group__inner-container is-layout-flow wp-block-group-is-layout-flow\">\n<div class=\"wp-block-media-text alignwide is-stacked-on-mobile is-vertically-aligned-center is-image-fill-element\" style=\"grid-template-columns:45% auto\"><figure class=\"wp-block-media-text__media\"><img loading=\"lazy\" decoding=\"async\" width=\"555\" height=\"536\" src=\"https:\/\/montreux-vieux.net\/montreux-vieux.net\/wp-content\/uploads\/2019\/10\/zzScreenShot691_InPixio.jpg\" alt=\"\" class=\"wp-image-18065 size-full\" style=\"object-position:50% 50%\" srcset=\"https:\/\/montreux-vieux.net\/montreux-vieux.net\/wp-content\/uploads\/2019\/10\/zzScreenShot691_InPixio.jpg 555w, https:\/\/montreux-vieux.net\/montreux-vieux.net\/wp-content\/uploads\/2019\/10\/zzScreenShot691_InPixio-300x290.jpg 300w\" sizes=\"auto, (max-width: 555px) 100vw, 555px\" \/><\/figure><div class=\"wp-block-media-text__content\">\n<h2 class=\"wp-block-heading has-text-color\" style=\"color:#000000;font-size:32px\"><strong>Grand Anniversaire<\/strong><\/h2>\n\n\n\n<p class=\"has-text-color\" style=\"color:#000000;font-size:17px\">Mme Mercelat Jeanine f\u00eate aujourd&rsquo;hui ses 95 ans.<\/p>\n<\/div><\/div>\n<\/div><\/div>\n<\/div>\n<\/div>\n<\/div><\/div>\n","protected":false},"excerpt":{"rendered":"<p>Une pens\u00e9e pour : Madame Morisot \u00e9pouse Guidet Edwige d\u00e9c\u00e9d\u00e9e le 03 janvier 2019 Monsieur Jean Paul Allemang, d\u00e9c\u00e9d\u00e9 le 03 janvier 2024 Remboursement d&rsquo;un pr\u00eat \u00e0 la Caisse d&rsquo;Epargne. 3 janvier 1864.&nbsp;On pouvait lire ce jour l\u00e0 au journal &hellip; <a href=\"https:\/\/montreux-vieux.net\/?p=24262\">Continuer la lecture <span class=\"meta-nav\">&rarr;<\/span><\/a><\/p>\n","protected":false},"author":1,"featured_media":0,"comment_status":"open","ping_status":"open","sticky":false,"template":"","format":"standard","meta":{"footnotes":""},"categories":[1],"tags":[],"class_list":["post-24262","post","type-post","status-publish","format-standard","hentry","category-liens"],"_links":{"self":[{"href":"https:\/\/montreux-vieux.net\/index.php?rest_route=\/wp\/v2\/posts\/24262","targetHints":{"allow":["GET"]}}],"collection":[{"href":"https:\/\/montreux-vieux.net\/index.php?rest_route=\/wp\/v2\/posts"}],"about":[{"href":"https:\/\/montreux-vieux.net\/index.php?rest_route=\/wp\/v2\/types\/post"}],"author":[{"embeddable":true,"href":"https:\/\/montreux-vieux.net\/index.php?rest_route=\/wp\/v2\/users\/1"}],"replies":[{"embeddable":true,"href":"https:\/\/montreux-vieux.net\/index.php?rest_route=%2Fwp%2Fv2%2Fcomments&post=24262"}],"version-history":[{"count":17,"href":"https:\/\/montreux-vieux.net\/index.php?rest_route=\/wp\/v2\/posts\/24262\/revisions"}],"predecessor-version":[{"id":28533,"href":"https:\/\/montreux-vieux.net\/index.php?rest_route=\/wp\/v2\/posts\/24262\/revisions\/28533"}],"wp:attachment":[{"href":"https:\/\/montreux-vieux.net\/index.php?rest_route=%2Fwp%2Fv2%2Fmedia&parent=24262"}],"wp:term":[{"taxonomy":"category","embeddable":true,"href":"https:\/\/montreux-vieux.net\/index.php?rest_route=%2Fwp%2Fv2%2Fcategories&post=24262"},{"taxonomy":"post_tag","embeddable":true,"href":"https:\/\/montreux-vieux.net\/index.php?rest_route=%2Fwp%2Fv2%2Ftags&post=24262"}],"curies":[{"name":"wp","href":"https:\/\/api.w.org\/{rel}","templated":true}]}}