{"id":24447,"date":"2026-01-16T07:07:00","date_gmt":"2026-01-16T06:07:00","guid":{"rendered":"https:\/\/montreux-vieux.net\/?p=24447"},"modified":"2025-12-21T13:22:46","modified_gmt":"2025-12-21T12:22:46","slug":"16-janvier-1915-le-prince-de-galles-a-montreux","status":"publish","type":"post","link":"https:\/\/montreux-vieux.net\/?p=24447","title":{"rendered":"16 janvier 1915 &#8211; LE PRINCE DE GALLES A MONTREUX"},"content":{"rendered":"\n<figure class=\"wp-block-image size-full is-resized\"><img loading=\"lazy\" decoding=\"async\" width=\"698\" height=\"697\" src=\"https:\/\/montreux-vieux.net\/montreux-vieux.net\/wp-content\/uploads\/2022\/01\/Screen-Shot-01-17-22-at-09.20-AM.png\" alt=\"\" class=\"wp-image-24448\" style=\"width:670px;height:669px\" srcset=\"https:\/\/montreux-vieux.net\/montreux-vieux.net\/wp-content\/uploads\/2022\/01\/Screen-Shot-01-17-22-at-09.20-AM.png 698w, https:\/\/montreux-vieux.net\/montreux-vieux.net\/wp-content\/uploads\/2022\/01\/Screen-Shot-01-17-22-at-09.20-AM-300x300.png 300w, https:\/\/montreux-vieux.net\/montreux-vieux.net\/wp-content\/uploads\/2022\/01\/Screen-Shot-01-17-22-at-09.20-AM-150x150.png 150w, https:\/\/montreux-vieux.net\/montreux-vieux.net\/wp-content\/uploads\/2022\/01\/Screen-Shot-01-17-22-at-09.20-AM-96x96.png 96w, https:\/\/montreux-vieux.net\/montreux-vieux.net\/wp-content\/uploads\/2022\/01\/Screen-Shot-01-17-22-at-09.20-AM-84x84.png 84w\" sizes=\"auto, (max-width: 698px) 100vw, 698px\" \/><figcaption class=\"wp-element-caption\">Devant la mairie de Dannemarie, de g. \u00e0 d. : Lt-col Albert, Gal Th\u00e9venet, Gal Bernard, le prince de Galles, Cdt HHamilton, Cne Berthier de Sauvigny.<\/figcaption><\/figure>\n\n\n\n<p><\/p>\n\n\n\n<h2 class=\"wp-block-heading has-text-align-center\" style=\"font-size:60px\">LE PRINCE DE GALLES A MONTREUX.<\/h2>\n\n\n\n<p>Apr\u00e8s avoir pass\u00e9 la nuit \u00e0 Belfort \u00e0 l&rsquo;h\u00f4tel du Tonneau d&rsquo;Or o\u00f9 il avait demand\u00e9 \u00e0 occuper une chambre sans confort dans les \u00e9tages, le Prince de Galles, le futur Edouard VIII, avait pris la route pour Dannemarie dans la voiture du g\u00e9n\u00e9ral Th\u00e9venet, gouverneur militaire de Belfort. <\/p>\n\n\n\n<p>A 10h, il fut accueilli au si\u00e8ge du Cercle de Dannemarie (l&rsquo;actuelle mairie) par le lieutenant-colonel Albert et le g\u00e9n\u00e9ral Bernard qui commandaient respectivement la 113e Brigade et la 57e Division de R\u00e9serve. <\/p>\n\n\n\n<p>Ce dernier notait dans ses carnets personnels :&nbsp;<em>\u00a0\u00bb Le prince est tout \u00e0 fait charmant, il para\u00eet d\u2019une tr\u00e8s grande jeunesse bien qu\u2019il ait 21 ans pass\u00e9 ; il est excessivement d\u00e9f\u00e9rent pour nous et c\u00e8de toujours le pas aux officiers g\u00e9n\u00e9raux avec une insistance constance. Je l\u2019ai conduit sur la route de Ballersdorff, point duquel on a une vue d\u2019ensemble tr\u00e8s compl\u00e8te sur la r\u00e9gion\u2026 ; il a tenu \u00e0 visiter la ligne principale de r\u00e9sistance entre la Tuilerie et Waldburn. Comme souvenir de sa visite, j\u2019ai offert au prince une superbe fus\u00e9e en bronze provenant du bombardement de Balschwiller\u00a0\u00bb.<\/em><\/p>\n\n\n\n<p>Comme le matin, une foule nombreuse pr\u00e9venue de la pr\u00e9sence du prince, s&rsquo;\u00e9tait rassembl\u00e9e devant son h\u00f4tel, il avait exprim\u00e9 le souhait de ne pas rentrer \u00e0 Belfort pour la nuit. Ainsi en catastrophe, pendant la matin\u00e9e, avait \u00e9t\u00e9 discr\u00e8tement organis\u00e9 un h\u00e9bergement alternatif dans le secteur de Montreux.<\/p>\n\n\n\n<p>Vers midi, le prince et son h\u00f4te quitt\u00e8rent donc Dannemarie pour Montreux-Vieux o\u00f9 ils rendirent visite au lieutenant-colonel Moraine qui commandait le 98e r\u00e9giment territorial de marche, lequel les retint \u00e0 d\u00e9jeuner en compagnie de son \u00e9tat-major.<\/p>\n\n\n\n<p> En fin de journ\u00e9e, le prince fut conduit \u00e0 Montreux-Jeune o\u00f9 il s&rsquo;installa avec sa suite pour la nuit. Il s\u00e9journa personnellement au premier \u00e9tage de la maison Perronne devant laquelle avait pris position un peloton de dragons de la cavalerie divisionnaire de la 57e DI.<\/p>\n\n\n\n<p><\/p>\n\n\n\n<p>Sources: Daniel Lougnot<\/p>\n\n\n\n<p><\/p>\n","protected":false},"excerpt":{"rendered":"<p>LE PRINCE DE GALLES A MONTREUX. Apr\u00e8s avoir pass\u00e9 la nuit \u00e0 Belfort \u00e0 l&rsquo;h\u00f4tel du Tonneau d&rsquo;Or o\u00f9 il avait demand\u00e9 \u00e0 occuper une chambre sans confort dans les \u00e9tages, le Prince de Galles, le futur Edouard VIII, avait &hellip; <a href=\"https:\/\/montreux-vieux.net\/?p=24447\">Continuer la lecture <span class=\"meta-nav\">&rarr;<\/span><\/a><\/p>\n","protected":false},"author":1,"featured_media":0,"comment_status":"open","ping_status":"open","sticky":false,"template":"","format":"standard","meta":{"footnotes":""},"categories":[1],"tags":[],"class_list":["post-24447","post","type-post","status-publish","format-standard","hentry","category-liens"],"_links":{"self":[{"href":"https:\/\/montreux-vieux.net\/index.php?rest_route=\/wp\/v2\/posts\/24447","targetHints":{"allow":["GET"]}}],"collection":[{"href":"https:\/\/montreux-vieux.net\/index.php?rest_route=\/wp\/v2\/posts"}],"about":[{"href":"https:\/\/montreux-vieux.net\/index.php?rest_route=\/wp\/v2\/types\/post"}],"author":[{"embeddable":true,"href":"https:\/\/montreux-vieux.net\/index.php?rest_route=\/wp\/v2\/users\/1"}],"replies":[{"embeddable":true,"href":"https:\/\/montreux-vieux.net\/index.php?rest_route=%2Fwp%2Fv2%2Fcomments&post=24447"}],"version-history":[{"count":5,"href":"https:\/\/montreux-vieux.net\/index.php?rest_route=\/wp\/v2\/posts\/24447\/revisions"}],"predecessor-version":[{"id":28500,"href":"https:\/\/montreux-vieux.net\/index.php?rest_route=\/wp\/v2\/posts\/24447\/revisions\/28500"}],"wp:attachment":[{"href":"https:\/\/montreux-vieux.net\/index.php?rest_route=%2Fwp%2Fv2%2Fmedia&parent=24447"}],"wp:term":[{"taxonomy":"category","embeddable":true,"href":"https:\/\/montreux-vieux.net\/index.php?rest_route=%2Fwp%2Fv2%2Fcategories&post=24447"},{"taxonomy":"post_tag","embeddable":true,"href":"https:\/\/montreux-vieux.net\/index.php?rest_route=%2Fwp%2Fv2%2Ftags&post=24447"}],"curies":[{"name":"wp","href":"https:\/\/api.w.org\/{rel}","templated":true}]}}